{"id":38926,"date":"2022-03-02T12:36:37","date_gmt":"2022-03-02T11:36:37","guid":{"rendered":"https:\/\/legilius.sk\/?p=38926\/"},"modified":"2022-03-02T12:37:33","modified_gmt":"2022-03-02T11:37:33","slug":"a-kozuti-kozlekedesi-torveny-modositasa-2022-03-01-tol","status":"publish","type":"post","link":"https:\/\/legilius.sk\/hu\/a-kozuti-kozlekedesi-torveny-modositasa-2022-03-01-tol\/","title":{"rendered":"A k\u00f6z\u00fati k\u00f6zleked\u00e9si t\u00f6rv\u00e9ny m\u00f3dos\u00edt\u00e1sa 2022.03.01-t\u0151l"},"content":{"rendered":"<div class=\"post-views content-post post-38926 entry-meta load-static\">\r\n\t\t\t\t<span class=\"post-views-icon dashicons dashicons-visibility\"><\/span> <span class=\"post-views-label\"><\/span> <span class=\"post-views-count\">238<\/span>\r\n\t\t\t<\/div>\n<p>&nbsp;<\/p>\n<hr \/>\n<p>&nbsp;<\/p>\n<p>2022.03.01-i hat\u00e1llyal sz\u00e1mos rendelkez\u00e9st vezettek be a ker\u00e9kp\u00e1rosok v\u00e9delm\u00e9re az utakon, a biztons\u00e1gos vezet\u00e9shez, valamint \u00faj parkol\u00e1si szab\u00e1lyokat vezettek be. A legfontosabb v\u00e1ltoz\u00e1sok teh\u00e1t k\u00e9t kateg\u00f3ri\u00e1ba sorolhat\u00f3k: a ker\u00e9kp\u00e1rosokat \u00e9rint\u0151 v\u00e1ltoz\u00e1sokra \u00e9s a parkol\u00e1ssal kapcsolatos v\u00e1ltoz\u00e1sokra. K\u00e9rj\u00fck, vegye figyelembe: term\u00e9szetesen a ker\u00e9kp\u00e1rosokat \u00e9rint\u0151 v\u00e1ltoz\u00e1sok k\u00f6zvetlen\u00fcl a g\u00e9pj\u00e1rm\u0171vezet\u0151kre is vonatkoznak.<\/p>\n<p>&nbsp;<\/p>\n<p><strong>Ker\u00e9kp\u00e1rosokat \u00e9rint\u0151 v\u00e1ltoz\u00e1sok<\/strong><\/p>\n<ul>\n<li>A j\u00e1rm\u0171vezet\u0151 nem vesz\u00e9lyeztetheti a ker\u00e9kp\u00e1rosokat a ker\u00e9kp\u00e1r\u00faton, a kanyarod\u00e1skor, az \u00fatra val\u00f3 bel\u00e9p\u00e9skor, valamint a kanyarod\u00e1skor vagy a\u00a0tolat\u00e1skor sem.<\/li>\n<li>Kis motorker\u00e9kp\u00e1r, ker\u00e9kp\u00e1ros vagy gyalogos el\u0151z\u00e9se eset\u00e9n a j\u00e1rm\u0171 vezet\u0151je k\u00f6teles <strong>megfelel\u0151 oldalir\u00e1ny\u00fa t\u00e1vols\u00e1got tartani<\/strong>, amely \u00e1ltal\u00e1ban <strong>legal\u00e1bb 1 m\u00e9ter a megengedett legnagyobb sebess\u00e9ggn\u00e9l ami legfeljebb 50 km\/\u00f3-ig. \u00e9s 1,5 m\u00e9ter m\u00e1s esetekben<\/strong>.<\/li>\n<li>A jobbra t\u00e9r\u0151 vezet\u0151nek <strong>els\u0151bbs\u00e9get kell adnia az egyenes \u00faton k\u00f6zleked\u0151 ker\u00e9kp\u00e1rosnak<\/strong>, m\u00e9g akkor is, ha az az \u00fattal p\u00e1rhuzamosan, azaz ker\u00e9kp\u00e1r\u00faton k\u00f6zlekedik. Ugyanez vonatkozik <strong>a balra kanyarod\u00e1sn\u00e1l is<\/strong>. A szembej\u00f6v\u0151 j\u00e1rm\u0171vek mellett a balra kanyarod\u00f3 sof\u0151rnek az egyenesen halad\u00f3 ker\u00e9kp\u00e1rosoknak is el\u0151nyt kell adnia\u2013 p\u00e9ld\u00e1ul olyan helyzetben, amikor a ker\u00e9kp\u00e1r\u00fat egy t\u00f6bbs\u00e1vos \u00fat k\u00f6zep\u00e9n halad \u00e1t.<\/li>\n<li>A mell\u00e9k\u00fatr\u00f3l a f\u0151\u00fatra val\u00f3 kimen\u00e9skor a vezet\u0151nek nemcsak a f\u0151\u00faton k\u00f6zleked\u0151 j\u00e1rm\u0171veknek kell <strong>els\u0151bbs\u00e9get biztos\u00edtania<\/strong>, hanem a f\u0151\u00fattal p\u00e1rhuzamosan k\u00f6zleked\u0151 <strong>ker\u00e9kp\u00e1rosoknak is<\/strong>.<\/li>\n<li>\u00c1ltal\u00e1ban a ker\u00e9kp\u00e1rosok tov\u00e1bbra sem k\u00f6zlekedhetnek a j\u00e1rd\u00e1n. Kiv\u00e9telt k\u00e9peznek <strong>a 10 \u00e9v alatti ker\u00e9kp\u00e1rosok, az \u0151ket k\u00eds\u00e9r\u0151 szem\u00e9lyek \u00e9s az azokat sz\u00e1ll\u00edt\u00f3 szem\u00e9lyek<\/strong>; ezek a j\u00e1rda <strong>jobb oldal\u00e1n mehetnek<\/strong>, ha ez nem vesz\u00e9lyezteti vagy korl\u00e1tozza a gyalogosokat.<\/li>\n<li>A ker\u00e9kp\u00e1rosoknak nem k\u00f6telez\u0151 egym\u00e1s ut\u00e1n egy\u00e9nileg k\u00f6zlekedni\u00fck <strong>a f\u00f6ldutakon, erdei utakon \u00e9s lak\u00f3\u00f6vezetben<\/strong>, <strong>ahol k\u00e9t ker\u00e9kp\u00e1ros k\u00f6zlekedhet egym\u00e1s mellett<\/strong>, kiv\u00e9ve, ha korl\u00e1tozz\u00e1k \u00e9s vesz\u00e9lyeztetik a t\u00f6bbi k\u00f6zleked\u0151t. K\u00e9t ker\u00e9kp\u00e1ros is k\u00f6zlekedhet egym\u00e1s mellett <strong>egy legal\u00e1bb hat ker\u00e9kp\u00e1rosb\u00f3l \u00e1ll\u00f3 csoportban<\/strong>.<\/li>\n<li>A vezet\u0151vel ellent\u00e9tben balra fordulva a ker\u00e9kp\u00e1rosnak nem kell a lehet\u0151 legk\u00f6zelebb maradnia az \u00fat bal sz\u00e9l\u00e9hez az \u00fat ir\u00e1ny\u00e1ban. <strong>A ker\u00e9kp\u00e1ros a s\u00e1v jobb oldal\u00e1r\u00f3l balra fordulhat, \u00e9s az egyenesen vezet\u0151 nem korl\u00e1tozhatja vagy vesz\u00e9lyeztetheti \u0151t<\/strong>.<\/li>\n<li>\u00daj koncepci\u00f3t vezettek be, nevezetesen a <strong>ker\u00e9kp\u00e1rutat<\/strong>. A ker\u00e9kp\u00e1rosok haszn\u00e1lhatj\u00e1k az utaz\u00e1si ir\u00e1nyuknak sz\u00e1nt ker\u00e9kp\u00e1r\u00fat teljes sz\u00e9less\u00e9g\u00e9t. A g\u00e9pj\u00e1rm\u0171vek \u00e1ltal\u00e1ban csak akkor <strong>l\u00e9phetnek be, ha a jel\u00f6l\u00e9s megengedi<\/strong>. Azonban m\u00e9g akkor is, ha egy g\u00e9pj\u00e1rm\u0171 bel\u00e9p, a ker\u00e9kp\u00e1rosnak els\u0151bbs\u00e9get kell \u00e9lveznie, \u00e9s a j\u00e1rm\u0171 nem korl\u00e1tozhatja vagy vesz\u00e9lyeztetheti azt. A ker\u00e9kp\u00e1r\u00faton a vezet\u0151 <strong>nem vezethet 30 km\/\u00f3-n\u00e1l nagyobb sebess\u00e9ggel<\/strong>.<\/li>\n<\/ul>\n<p>&nbsp;<\/p>\n<p><strong>Parkol\u00e1ssal kapcsolatos v\u00e1ltoz\u00e1sok<\/strong><\/p>\n<ul>\n<li>a gyalogosokon k\u00edv\u00fcli \u00fathaszn\u00e1l\u00f3k <strong>nem haszn\u00e1lhatj\u00e1k a j\u00e1rd\u00e1t<\/strong>; ez nem vonatkozik az 55. \u00a7 (1) bekezd\u00e9se szerinti ker\u00e9kp\u00e1rosokra az 55a. \u00a7 (2) bekezd\u00e9se szerinti \u00f6nkiegyens\u00falyoz\u00f3 j\u00e1rm\u0171 vezet\u0151ire, <strong>ha a k\u00f6z\u00fati jelz\u0151t\u00e1bla nem mondja m\u00e1shogy<\/strong>, vagy ha olyan ker\u00e9kp\u00e1r vagy motorker\u00e9kp\u00e1r meg\u00e1ll\u00e1s\u00e1rol van sz\u00f3, amelyn\u00e9l a j\u00e1rda szabad sz\u00e9less\u00e9ge legal\u00e1bb 1,5 m marad.<\/li>\n<\/ul>\n<p>\u2022 ez a megfogalmaz\u00e1s azt jelenti, hogy a tov\u00e1bbiakban m\u00e1r <strong>nem parkolhatja le a j\u00e1rm\u0171vet a j\u00e1rd\u00e1n<\/strong>, kiv\u00e9ve, ha a k\u00f6z\u00fati jelz\u0151t\u00e1bla megengedi. Azel\u0151tt lehets\u00e9ges volt hogy j\u00e1rm\u0171veiket parkoltass\u00e1k a j\u00e1rd\u00e1n, ha a minim\u00e1lis sz\u00e9less\u00e9g\u00fcket (1,5 m) meghagyt\u00e1k. Az \u00f6nkorm\u00e1nyzatok \u00e9s a v\u00e1rosok azonban d\u00f6nthetnek \u00fagy, hogy bizonyos helyeken lehet\u0151v\u00e9 teszik az ilyen parkol\u00e1st is.<\/p>\n<p>&nbsp;<\/p>\n<div class='bootstrap-yop yop-poll-mc'>\n\t\t\t\t\t\t\t<div class=\"basic-yop-poll-container\" style=\"background-color:#ffffff; border:0px; border-style:solid; border-color:#000000; border-radius:5px; padding:10px 10px;\" data-id=\"22\" data-temp=\"basic\" data-skin=\"minimal\" data-cscheme=\"black\" data-cap=\"4\" data-access=\"guest\" data-tid=\"\" data-uid=\"2b45d3048c5a22562925da3d008e19c9\" data-pid=\"38926\" data-resdet=\"votes-number,percentages\" data-show-results-to=\"guest,registered\" data-show-results-moment=\"before-vote\" data-show-results-only=\"false\" data-show-message=\"true\" data-show-results-as=\"bar\" data-sort-results-by=\"number-of-votes\" data-sort-results-rule=\"asc\"data-is-ended=\"0\" data-gdpr=\"no\" data-gdpr-sol=\"consent\" data-css=\".basic-yop-poll-container[data-uid] .basic-vote {\n\t\t\t\t\t\t\t\t\ttext-align: center;\n\t\t\t\t\t\t\t\t}\n\n\/*tlacitko*\/\na.button.basic-vote-button {\nmargin-top: 20px;\nbackground: #c1b3af!Important;\ncolor: black!Important;\ntransition: all 0.3s ease-out;\n}\na.button.basic-vote-button:hover {\nmargin-top: 20px;\nbackground: #695853!Important;\ncolor: #c1b3af!Important;\n}\n\n\/*zmena farby grafu hodnotenia*\/\n.progress-bar.six-sec-ease-in-out {\n    background: #ffc70a!Important;\n}\n\n\/*odpoved*\/\nli.basic-answer.col-xs-6.col-sm-6.col-md-6 {\n    margin-left: -15px;\n}\n\" data-counter=\"0\" data-load-with=\"1\" data-notification-section=\"top\"><div class=\"row\"><div class=\"col-md-12\"><div class=\"basic-inner\"><div class=\"basic-message hide\" style=\"border-left: 10px solid #ffc70a; padding: 0px 10px;\" data-error=\"#ff0000\" data-success=\"#ffc70a\"><p class=\"basic-message-text\" style=\"color:#000000; font-size:18px; font-weight:normal;\"><\/p><\/div><div class=\"basic-overlay hide\"><div class=\"basic-vote-options\"><\/div><div class=\"basic-preloader\"><div class=\"basic-windows8\"><div class=\"basic-wBall basic-wBall_1\"><div class=\"basic-wInnerBall\"><\/div><\/div><div class=\"basic-wBall basic-wBall_2\"><div class=\"basic-wInnerBall\"><\/div><\/div><div class=\"basic-wBall basic-wBall_3\"><div class=\"basic-wInnerBall\"><\/div><\/div><div class=\"basic-wBall basic-wBall_4\"><div class=\"basic-wInnerBall\"><\/div><\/div><div class=\"basic-wBall basic-wBall_5\"><div class=\"basic-wInnerBall\"><\/div><\/div><\/div><\/div><\/div><form class=\"basic-form\"><input type=\"hidden\" name=\"_token\" value=\"ccc41455a8\" autocomplete=\"off\"><div class=\"basic-elements\"><div class=\"basic-element basic-question basic-question-text-horizontal\" data-id=\"22\" data-uid=\"9a99b301bcd12b68ea335be9d5d581e0\" data-type=\"question\" data-question-type=\"text\" data-allow-multiple=\"no\" data-min=\"1\" data-max=\"1\" data-display=\"horizontal\" data-colnum=\"\" data-display-others=\"no\" data-others-color=\"\" data-others=\"\"><div role=\"heading\" aria-level=\"5\" class=\"basic-question-title\" style=\"color:#000000; font-size:18px; font-weight:bold; text-align:left;\">Hasznos volt ez a cikk?<\/div><ul class=\"basic-answers basic-h-answers\"><li class=\"basic-answer col-xs-6 col-sm-6 col-md-6\" style=\"padding:0px 0px;\" data-id=\"43\" data-type=\"text\" data-vn=\"0\" data-color=\"#000000\" data-make-link=\"no\" data-link=\"\"><div class=\"basic-answer-content basic-text-horizontal\"><label for=\"answer[43]\" class=\"basic-answer-label\"><input type=\"radio\" id=\"answer[43]\" name=\"answer[22]\" value=\"43\" autocomplete=\"off\"><span class=\"basic-text\" style=\"color: #000000; font-size: 18px; font-weight: normal;\" tabindex=\"0\">Igen<\/span><\/label><\/div><\/li><li class=\"basic-answer col-xs-6 col-sm-6 col-md-6\" style=\"padding:0px 0px;\" data-id=\"44\" data-type=\"text\" data-vn=\"0\" data-color=\"#000000\" data-make-link=\"no\" data-link=\"\"><div class=\"basic-answer-content basic-text-horizontal\"><label for=\"answer[44]\" class=\"basic-answer-label\"><input type=\"radio\" id=\"answer[44]\" name=\"answer[22]\" value=\"44\" autocomplete=\"off\"><span class=\"basic-text\" style=\"color: #000000; font-size: 18px; font-weight: normal;\" tabindex=\"0\">Nem<\/span><\/label><\/div><\/li><\/ul><\/div><div class=\"clearfix\"><\/div><\/div><div id=\"yop-poll-captcha-2b45d3048c5a22562925da3d008e19c9\" class=\"basic-captcha\"><\/div><div class=\"basic-vote\"><a href=\"#\" class=\"button basic-vote-button\" role=\"button\" style=\"background:#19234e; border:1px; border-style: solid; border-color:#000000; border-radius:3px; padding:10px 30px; color:#ffffff; font-size:21px; font-weight:normal;\">Szavaz\u00e1s<\/a><\/div><\/form><\/div><\/div><\/div><\/div>\n\t\t\t\t\t\t<\/div>\n","protected":false},"excerpt":{"rendered":"<p>&nbsp; &nbsp; 2022.03.01-i hat\u00e1llyal sz\u00e1mos rendelkez\u00e9st vezettek be a ker\u00e9kp\u00e1rosok v\u00e9delm\u00e9re az utakon, a biztons\u00e1gos vezet\u00e9shez, valamint \u00faj parkol\u00e1si szab\u00e1lyokat vezettek be. A legfontosabb v\u00e1ltoz\u00e1sok teh\u00e1t k\u00e9t kateg\u00f3ri\u00e1ba sorolhat\u00f3k: a ker\u00e9kp\u00e1rosokat \u00e9rint\u0151 v\u00e1ltoz\u00e1sokra \u00e9s a parkol\u00e1ssal kapcsolatos v\u00e1ltoz\u00e1sokra. K\u00e9rj\u00fck, vegye figyelembe: term\u00e9szetesen a ker\u00e9kp\u00e1rosokat \u00e9rint\u0151 v\u00e1ltoz\u00e1sok k\u00f6zvetlen\u00fcl a g\u00e9pj\u00e1rm\u0171vezet\u0151kre is vonatkoznak. &nbsp; Ker\u00e9kp\u00e1rosokat \u00e9rint\u0151 v\u00e1ltoz\u00e1sok [&hellip;]<\/p>\n","protected":false},"author":8,"featured_media":38924,"comment_status":"open","ping_status":"closed","sticky":false,"template":"","format":"standard","meta":{"_et_pb_use_builder":"","_et_pb_old_content":"","_et_gb_content_width":"","footnotes":""},"categories":[58,1],"tags":[],"class_list":["post-38926","post","type-post","status-publish","format-standard","has-post-thumbnail","hentry","category-hu-hu","category-uncategorized-sk"],"yoast_head":"<!-- This site is optimized with the Yoast SEO plugin v27.0 - https:\/\/yoast.com\/product\/yoast-seo-wordpress\/ -->\n<title>A k\u00f6z\u00fati k\u00f6zleked\u00e9si t\u00f6rv\u00e9ny m\u00f3dos\u00edt\u00e1sa 2022.03.01-t\u0151l | JUDr. Zuzana Tak\u00e1csov\u00e1, Advok\u00e1tka<\/title>\n<meta name=\"description\" content=\"2022.03.01-i hat\u00e1llyal sz\u00e1mos rendelkez\u00e9st vezettek be a ker\u00e9kp\u00e1rosok v\u00e9delm\u00e9re az utakon, a biztons\u00e1gos vezet\u00e9shez, valamint \u00faj parkol\u00e1si szab\u00e1lyokat ...\" \/>\n<meta name=\"robots\" content=\"index, follow, max-snippet:-1, max-image-preview:large, max-video-preview:-1\" \/>\n<link rel=\"canonical\" href=\"https:\/\/legilius.sk\/hu\/a-kozuti-kozlekedesi-torveny-modositasa-2022-03-01-tol\/\" \/>\n<meta property=\"og:locale\" content=\"hu_HU\" \/>\n<meta property=\"og:type\" content=\"article\" \/>\n<meta property=\"og:title\" content=\"A k\u00f6z\u00fati k\u00f6zleked\u00e9si t\u00f6rv\u00e9ny m\u00f3dos\u00edt\u00e1sa 2022.03.01-t\u0151l | JUDr. Zuzana Tak\u00e1csov\u00e1, Advok\u00e1tka\" \/>\n<meta property=\"og:description\" content=\"2022.03.01-i hat\u00e1llyal sz\u00e1mos rendelkez\u00e9st vezettek be a ker\u00e9kp\u00e1rosok v\u00e9delm\u00e9re az utakon, a biztons\u00e1gos vezet\u00e9shez, valamint \u00faj parkol\u00e1si szab\u00e1lyokat ...\" \/>\n<meta property=\"og:url\" content=\"https:\/\/legilius.sk\/hu\/a-kozuti-kozlekedesi-torveny-modositasa-2022-03-01-tol\/\" \/>\n<meta property=\"og:site_name\" content=\"JUDr. Zuzana Tak\u00e1csov\u00e1, Advok\u00e1tka\" \/>\n<meta property=\"article:published_time\" content=\"2022-03-02T11:36:37+00:00\" \/>\n<meta property=\"article:modified_time\" content=\"2022-03-02T11:37:33+00:00\" \/>\n<meta property=\"og:image\" content=\"https:\/\/legilius.sk\/wp-content\/uploads\/2022\/03\/legilius-zmeny-v-cestnej-premavke.jpg\" \/>\n\t<meta property=\"og:image:width\" content=\"512\" \/>\n\t<meta property=\"og:image:height\" content=\"336\" \/>\n\t<meta property=\"og:image:type\" content=\"image\/jpeg\" \/>\n<meta name=\"author\" content=\"JUDr. Zuzana Tak\u00e1csov\u00e1\" \/>\n<meta name=\"twitter:label1\" content=\"Szerz\u0151:\" \/>\n\t<meta name=\"twitter:data1\" content=\"JUDr. Zuzana Tak\u00e1csov\u00e1\" \/>\n\t<meta name=\"twitter:label2\" content=\"Becs\u00fclt olvas\u00e1si id\u0151\" \/>\n\t<meta name=\"twitter:data2\" content=\"4 perc\" \/>\n<script type=\"application\/ld+json\" class=\"yoast-schema-graph\">{\"@context\":\"https:\/\/schema.org\",\"@graph\":[{\"@type\":\"Article\",\"@id\":\"https:\/\/legilius.sk\/hu\/a-kozuti-kozlekedesi-torveny-modositasa-2022-03-01-tol\/#article\",\"isPartOf\":{\"@id\":\"https:\/\/legilius.sk\/hu\/a-kozuti-kozlekedesi-torveny-modositasa-2022-03-01-tol\/\"},\"author\":{\"name\":\"JUDr. Zuzana Tak\u00e1csov\u00e1\",\"@id\":\"https:\/\/legilius.sk\/#\/schema\/person\/45b9a4df4bc6643942076f2253af1044\"},\"headline\":\"A k\u00f6z\u00fati k\u00f6zleked\u00e9si t\u00f6rv\u00e9ny m\u00f3dos\u00edt\u00e1sa 2022.03.01-t\u0151l\",\"datePublished\":\"2022-03-02T11:36:37+00:00\",\"dateModified\":\"2022-03-02T11:37:33+00:00\",\"mainEntityOfPage\":{\"@id\":\"https:\/\/legilius.sk\/hu\/a-kozuti-kozlekedesi-torveny-modositasa-2022-03-01-tol\/\"},\"wordCount\":779,\"commentCount\":0,\"publisher\":{\"@id\":\"https:\/\/legilius.sk\/#organization\"},\"image\":{\"@id\":\"https:\/\/legilius.sk\/hu\/a-kozuti-kozlekedesi-torveny-modositasa-2022-03-01-tol\/#primaryimage\"},\"thumbnailUrl\":\"https:\/\/legilius.sk\/wp-content\/uploads\/2022\/03\/legilius-zmeny-v-cestnej-premavke.jpg\",\"articleSection\":[\"HU\",\"Uncategorized @sk\"],\"inLanguage\":\"hu\",\"potentialAction\":[{\"@type\":\"CommentAction\",\"name\":\"Comment\",\"target\":[\"https:\/\/legilius.sk\/hu\/a-kozuti-kozlekedesi-torveny-modositasa-2022-03-01-tol\/#respond\"]}]},{\"@type\":\"WebPage\",\"@id\":\"https:\/\/legilius.sk\/hu\/a-kozuti-kozlekedesi-torveny-modositasa-2022-03-01-tol\/\",\"url\":\"https:\/\/legilius.sk\/hu\/a-kozuti-kozlekedesi-torveny-modositasa-2022-03-01-tol\/\",\"name\":\"A k\u00f6z\u00fati k\u00f6zleked\u00e9si t\u00f6rv\u00e9ny m\u00f3dos\u00edt\u00e1sa 2022.03.01-t\u0151l | JUDr. Zuzana Tak\u00e1csov\u00e1, Advok\u00e1tka\",\"isPartOf\":{\"@id\":\"https:\/\/legilius.sk\/#website\"},\"primaryImageOfPage\":{\"@id\":\"https:\/\/legilius.sk\/hu\/a-kozuti-kozlekedesi-torveny-modositasa-2022-03-01-tol\/#primaryimage\"},\"image\":{\"@id\":\"https:\/\/legilius.sk\/hu\/a-kozuti-kozlekedesi-torveny-modositasa-2022-03-01-tol\/#primaryimage\"},\"thumbnailUrl\":\"https:\/\/legilius.sk\/wp-content\/uploads\/2022\/03\/legilius-zmeny-v-cestnej-premavke.jpg\",\"datePublished\":\"2022-03-02T11:36:37+00:00\",\"dateModified\":\"2022-03-02T11:37:33+00:00\",\"description\":\"2022.03.01-i hat\u00e1llyal sz\u00e1mos rendelkez\u00e9st vezettek be a ker\u00e9kp\u00e1rosok v\u00e9delm\u00e9re az utakon, a biztons\u00e1gos vezet\u00e9shez, valamint \u00faj parkol\u00e1si szab\u00e1lyokat ...\",\"breadcrumb\":{\"@id\":\"https:\/\/legilius.sk\/hu\/a-kozuti-kozlekedesi-torveny-modositasa-2022-03-01-tol\/#breadcrumb\"},\"inLanguage\":\"hu\",\"potentialAction\":[{\"@type\":\"ReadAction\",\"target\":[\"https:\/\/legilius.sk\/hu\/a-kozuti-kozlekedesi-torveny-modositasa-2022-03-01-tol\/\"]}]},{\"@type\":\"ImageObject\",\"inLanguage\":\"hu\",\"@id\":\"https:\/\/legilius.sk\/hu\/a-kozuti-kozlekedesi-torveny-modositasa-2022-03-01-tol\/#primaryimage\",\"url\":\"https:\/\/legilius.sk\/wp-content\/uploads\/2022\/03\/legilius-zmeny-v-cestnej-premavke.jpg\",\"contentUrl\":\"https:\/\/legilius.sk\/wp-content\/uploads\/2022\/03\/legilius-zmeny-v-cestnej-premavke.jpg\",\"width\":512,\"height\":336,\"caption\":\"legilius zmeny v cestnej premavke\"},{\"@type\":\"BreadcrumbList\",\"@id\":\"https:\/\/legilius.sk\/hu\/a-kozuti-kozlekedesi-torveny-modositasa-2022-03-01-tol\/#breadcrumb\",\"itemListElement\":[{\"@type\":\"ListItem\",\"position\":1,\"name\":\"Home\",\"item\":\"https:\/\/legilius.sk\/hu\/\"},{\"@type\":\"ListItem\",\"position\":2,\"name\":\"A k\u00f6z\u00fati k\u00f6zleked\u00e9si t\u00f6rv\u00e9ny m\u00f3dos\u00edt\u00e1sa 2022.03.01-t\u0151l\"}]},{\"@type\":\"WebSite\",\"@id\":\"https:\/\/legilius.sk\/#website\",\"url\":\"https:\/\/legilius.sk\/\",\"name\":\"JUDr. Zuzana Tak\u00e1csov\u00e1, Advok\u00e1tka\",\"description\":\"\",\"publisher\":{\"@id\":\"https:\/\/legilius.sk\/#organization\"},\"potentialAction\":[{\"@type\":\"SearchAction\",\"target\":{\"@type\":\"EntryPoint\",\"urlTemplate\":\"https:\/\/legilius.sk\/?s={search_term_string}\"},\"query-input\":{\"@type\":\"PropertyValueSpecification\",\"valueRequired\":true,\"valueName\":\"search_term_string\"}}],\"inLanguage\":\"hu\"},{\"@type\":\"Organization\",\"@id\":\"https:\/\/legilius.sk\/#organization\",\"name\":\"LEGILIUS\",\"url\":\"https:\/\/legilius.sk\/\",\"logo\":{\"@type\":\"ImageObject\",\"inLanguage\":\"hu\",\"@id\":\"https:\/\/legilius.sk\/#\/schema\/logo\/image\/\",\"url\":\"https:\/\/legilius.sk\/wp-content\/uploads\/2021\/12\/legilius-logo-final.png\",\"contentUrl\":\"https:\/\/legilius.sk\/wp-content\/uploads\/2021\/12\/legilius-logo-final.png\",\"width\":250,\"height\":77,\"caption\":\"LEGILIUS\"},\"image\":{\"@id\":\"https:\/\/legilius.sk\/#\/schema\/logo\/image\/\"}},{\"@type\":\"Person\",\"@id\":\"https:\/\/legilius.sk\/#\/schema\/person\/45b9a4df4bc6643942076f2253af1044\",\"name\":\"JUDr. Zuzana Tak\u00e1csov\u00e1\",\"image\":{\"@type\":\"ImageObject\",\"inLanguage\":\"hu\",\"@id\":\"https:\/\/legilius.sk\/#\/schema\/person\/image\/\",\"url\":\"https:\/\/secure.gravatar.com\/avatar\/c38efbd933dce54b6c2973bb608b197f752db76640842d28670a13b4fe31aa2e?s=96&d=mm&r=g\",\"contentUrl\":\"https:\/\/secure.gravatar.com\/avatar\/c38efbd933dce54b6c2973bb608b197f752db76640842d28670a13b4fe31aa2e?s=96&d=mm&r=g\",\"caption\":\"JUDr. Zuzana Tak\u00e1csov\u00e1\"},\"url\":\"https:\/\/legilius.sk\/hu\/author\/legilius\/\"}]}<\/script>\n<!-- \/ Yoast SEO plugin. -->","yoast_head_json":{"title":"A k\u00f6z\u00fati k\u00f6zleked\u00e9si t\u00f6rv\u00e9ny m\u00f3dos\u00edt\u00e1sa 2022.03.01-t\u0151l | JUDr. Zuzana Tak\u00e1csov\u00e1, Advok\u00e1tka","description":"2022.03.01-i hat\u00e1llyal sz\u00e1mos rendelkez\u00e9st vezettek be a ker\u00e9kp\u00e1rosok v\u00e9delm\u00e9re az utakon, a biztons\u00e1gos vezet\u00e9shez, valamint \u00faj parkol\u00e1si szab\u00e1lyokat ...","robots":{"index":"index","follow":"follow","max-snippet":"max-snippet:-1","max-image-preview":"max-image-preview:large","max-video-preview":"max-video-preview:-1"},"canonical":"https:\/\/legilius.sk\/hu\/a-kozuti-kozlekedesi-torveny-modositasa-2022-03-01-tol\/","og_locale":"hu_HU","og_type":"article","og_title":"A k\u00f6z\u00fati k\u00f6zleked\u00e9si t\u00f6rv\u00e9ny m\u00f3dos\u00edt\u00e1sa 2022.03.01-t\u0151l | JUDr. Zuzana Tak\u00e1csov\u00e1, Advok\u00e1tka","og_description":"2022.03.01-i hat\u00e1llyal sz\u00e1mos rendelkez\u00e9st vezettek be a ker\u00e9kp\u00e1rosok v\u00e9delm\u00e9re az utakon, a biztons\u00e1gos vezet\u00e9shez, valamint \u00faj parkol\u00e1si szab\u00e1lyokat ...","og_url":"https:\/\/legilius.sk\/hu\/a-kozuti-kozlekedesi-torveny-modositasa-2022-03-01-tol\/","og_site_name":"JUDr. Zuzana Tak\u00e1csov\u00e1, Advok\u00e1tka","article_published_time":"2022-03-02T11:36:37+00:00","article_modified_time":"2022-03-02T11:37:33+00:00","og_image":[{"width":512,"height":336,"url":"https:\/\/legilius.sk\/wp-content\/uploads\/2022\/03\/legilius-zmeny-v-cestnej-premavke.jpg","type":"image\/jpeg"}],"author":"JUDr. Zuzana Tak\u00e1csov\u00e1","twitter_misc":{"Szerz\u0151:":"JUDr. Zuzana Tak\u00e1csov\u00e1","Becs\u00fclt olvas\u00e1si id\u0151":"4 perc"},"schema":{"@context":"https:\/\/schema.org","@graph":[{"@type":"Article","@id":"https:\/\/legilius.sk\/hu\/a-kozuti-kozlekedesi-torveny-modositasa-2022-03-01-tol\/#article","isPartOf":{"@id":"https:\/\/legilius.sk\/hu\/a-kozuti-kozlekedesi-torveny-modositasa-2022-03-01-tol\/"},"author":{"name":"JUDr. Zuzana Tak\u00e1csov\u00e1","@id":"https:\/\/legilius.sk\/#\/schema\/person\/45b9a4df4bc6643942076f2253af1044"},"headline":"A k\u00f6z\u00fati k\u00f6zleked\u00e9si t\u00f6rv\u00e9ny m\u00f3dos\u00edt\u00e1sa 2022.03.01-t\u0151l","datePublished":"2022-03-02T11:36:37+00:00","dateModified":"2022-03-02T11:37:33+00:00","mainEntityOfPage":{"@id":"https:\/\/legilius.sk\/hu\/a-kozuti-kozlekedesi-torveny-modositasa-2022-03-01-tol\/"},"wordCount":779,"commentCount":0,"publisher":{"@id":"https:\/\/legilius.sk\/#organization"},"image":{"@id":"https:\/\/legilius.sk\/hu\/a-kozuti-kozlekedesi-torveny-modositasa-2022-03-01-tol\/#primaryimage"},"thumbnailUrl":"https:\/\/legilius.sk\/wp-content\/uploads\/2022\/03\/legilius-zmeny-v-cestnej-premavke.jpg","articleSection":["HU","Uncategorized @sk"],"inLanguage":"hu","potentialAction":[{"@type":"CommentAction","name":"Comment","target":["https:\/\/legilius.sk\/hu\/a-kozuti-kozlekedesi-torveny-modositasa-2022-03-01-tol\/#respond"]}]},{"@type":"WebPage","@id":"https:\/\/legilius.sk\/hu\/a-kozuti-kozlekedesi-torveny-modositasa-2022-03-01-tol\/","url":"https:\/\/legilius.sk\/hu\/a-kozuti-kozlekedesi-torveny-modositasa-2022-03-01-tol\/","name":"A k\u00f6z\u00fati k\u00f6zleked\u00e9si t\u00f6rv\u00e9ny m\u00f3dos\u00edt\u00e1sa 2022.03.01-t\u0151l | JUDr. Zuzana Tak\u00e1csov\u00e1, Advok\u00e1tka","isPartOf":{"@id":"https:\/\/legilius.sk\/#website"},"primaryImageOfPage":{"@id":"https:\/\/legilius.sk\/hu\/a-kozuti-kozlekedesi-torveny-modositasa-2022-03-01-tol\/#primaryimage"},"image":{"@id":"https:\/\/legilius.sk\/hu\/a-kozuti-kozlekedesi-torveny-modositasa-2022-03-01-tol\/#primaryimage"},"thumbnailUrl":"https:\/\/legilius.sk\/wp-content\/uploads\/2022\/03\/legilius-zmeny-v-cestnej-premavke.jpg","datePublished":"2022-03-02T11:36:37+00:00","dateModified":"2022-03-02T11:37:33+00:00","description":"2022.03.01-i hat\u00e1llyal sz\u00e1mos rendelkez\u00e9st vezettek be a ker\u00e9kp\u00e1rosok v\u00e9delm\u00e9re az utakon, a biztons\u00e1gos vezet\u00e9shez, valamint \u00faj parkol\u00e1si szab\u00e1lyokat ...","breadcrumb":{"@id":"https:\/\/legilius.sk\/hu\/a-kozuti-kozlekedesi-torveny-modositasa-2022-03-01-tol\/#breadcrumb"},"inLanguage":"hu","potentialAction":[{"@type":"ReadAction","target":["https:\/\/legilius.sk\/hu\/a-kozuti-kozlekedesi-torveny-modositasa-2022-03-01-tol\/"]}]},{"@type":"ImageObject","inLanguage":"hu","@id":"https:\/\/legilius.sk\/hu\/a-kozuti-kozlekedesi-torveny-modositasa-2022-03-01-tol\/#primaryimage","url":"https:\/\/legilius.sk\/wp-content\/uploads\/2022\/03\/legilius-zmeny-v-cestnej-premavke.jpg","contentUrl":"https:\/\/legilius.sk\/wp-content\/uploads\/2022\/03\/legilius-zmeny-v-cestnej-premavke.jpg","width":512,"height":336,"caption":"legilius zmeny v cestnej premavke"},{"@type":"BreadcrumbList","@id":"https:\/\/legilius.sk\/hu\/a-kozuti-kozlekedesi-torveny-modositasa-2022-03-01-tol\/#breadcrumb","itemListElement":[{"@type":"ListItem","position":1,"name":"Home","item":"https:\/\/legilius.sk\/hu\/"},{"@type":"ListItem","position":2,"name":"A k\u00f6z\u00fati k\u00f6zleked\u00e9si t\u00f6rv\u00e9ny m\u00f3dos\u00edt\u00e1sa 2022.03.01-t\u0151l"}]},{"@type":"WebSite","@id":"https:\/\/legilius.sk\/#website","url":"https:\/\/legilius.sk\/","name":"JUDr. Zuzana Tak\u00e1csov\u00e1, Advok\u00e1tka","description":"","publisher":{"@id":"https:\/\/legilius.sk\/#organization"},"potentialAction":[{"@type":"SearchAction","target":{"@type":"EntryPoint","urlTemplate":"https:\/\/legilius.sk\/?s={search_term_string}"},"query-input":{"@type":"PropertyValueSpecification","valueRequired":true,"valueName":"search_term_string"}}],"inLanguage":"hu"},{"@type":"Organization","@id":"https:\/\/legilius.sk\/#organization","name":"LEGILIUS","url":"https:\/\/legilius.sk\/","logo":{"@type":"ImageObject","inLanguage":"hu","@id":"https:\/\/legilius.sk\/#\/schema\/logo\/image\/","url":"https:\/\/legilius.sk\/wp-content\/uploads\/2021\/12\/legilius-logo-final.png","contentUrl":"https:\/\/legilius.sk\/wp-content\/uploads\/2021\/12\/legilius-logo-final.png","width":250,"height":77,"caption":"LEGILIUS"},"image":{"@id":"https:\/\/legilius.sk\/#\/schema\/logo\/image\/"}},{"@type":"Person","@id":"https:\/\/legilius.sk\/#\/schema\/person\/45b9a4df4bc6643942076f2253af1044","name":"JUDr. Zuzana Tak\u00e1csov\u00e1","image":{"@type":"ImageObject","inLanguage":"hu","@id":"https:\/\/legilius.sk\/#\/schema\/person\/image\/","url":"https:\/\/secure.gravatar.com\/avatar\/c38efbd933dce54b6c2973bb608b197f752db76640842d28670a13b4fe31aa2e?s=96&d=mm&r=g","contentUrl":"https:\/\/secure.gravatar.com\/avatar\/c38efbd933dce54b6c2973bb608b197f752db76640842d28670a13b4fe31aa2e?s=96&d=mm&r=g","caption":"JUDr. Zuzana Tak\u00e1csov\u00e1"},"url":"https:\/\/legilius.sk\/hu\/author\/legilius\/"}]}},"_links":{"self":[{"href":"https:\/\/legilius.sk\/hu\/wp-json\/wp\/v2\/posts\/38926","targetHints":{"allow":["GET"]}}],"collection":[{"href":"https:\/\/legilius.sk\/hu\/wp-json\/wp\/v2\/posts"}],"about":[{"href":"https:\/\/legilius.sk\/hu\/wp-json\/wp\/v2\/types\/post"}],"author":[{"embeddable":true,"href":"https:\/\/legilius.sk\/hu\/wp-json\/wp\/v2\/users\/8"}],"replies":[{"embeddable":true,"href":"https:\/\/legilius.sk\/hu\/wp-json\/wp\/v2\/comments?post=38926"}],"version-history":[{"count":1,"href":"https:\/\/legilius.sk\/hu\/wp-json\/wp\/v2\/posts\/38926\/revisions"}],"predecessor-version":[{"id":38927,"href":"https:\/\/legilius.sk\/hu\/wp-json\/wp\/v2\/posts\/38926\/revisions\/38927"}],"wp:featuredmedia":[{"embeddable":true,"href":"https:\/\/legilius.sk\/hu\/wp-json\/wp\/v2\/media\/38924"}],"wp:attachment":[{"href":"https:\/\/legilius.sk\/hu\/wp-json\/wp\/v2\/media?parent=38926"}],"wp:term":[{"taxonomy":"category","embeddable":true,"href":"https:\/\/legilius.sk\/hu\/wp-json\/wp\/v2\/categories?post=38926"},{"taxonomy":"post_tag","embeddable":true,"href":"https:\/\/legilius.sk\/hu\/wp-json\/wp\/v2\/tags?post=38926"}],"curies":[{"name":"wp","href":"https:\/\/api.w.org\/{rel}","templated":true}]}}