{"id":38973,"date":"2022-04-28T14:00:55","date_gmt":"2022-04-28T12:00:55","guid":{"rendered":"https:\/\/legilius.sk\/?p=38973\/"},"modified":"2022-04-28T14:02:21","modified_gmt":"2022-04-28T12:02:21","slug":"adatok-bejegyzese-a-cegjegyzekbe","status":"publish","type":"post","link":"https:\/\/legilius.sk\/hu\/adatok-bejegyzese-a-cegjegyzekbe\/","title":{"rendered":"Adatok bejegyz\u00e9se a c\u00e9gjegyz\u00e9kbe"},"content":{"rendered":"<div class=\"post-views content-post post-38973 entry-meta load-static\">\r\n\t\t\t\t<span class=\"post-views-icon dashicons dashicons-visibility\"><\/span> <span class=\"post-views-label\"><\/span> <span class=\"post-views-count\">251<\/span>\r\n\t\t\t<\/div>\n<p>&nbsp;<\/p>\n<hr \/>\n<p>&nbsp;<\/p>\n<p><strong>Ellen\u0151rizze a c\u00e9ge regisztr\u00e1lt adatait a c\u00e9gnyilv\u00e1ntart\u00e1sban<\/strong><\/p>\n<p>(2022.04.25.)<\/p>\n<p>A Szlov\u00e1k K\u00f6zt\u00e1rsas\u00e1g C\u00e9gnyilv\u00e1ntart\u00e1s\u00e1nak honlapj\u00e1n (www.orsr.sk) keresse meg a c\u00e9g\u00e9t. Megjelent ez az ikon bizonyos adatokn\u00e1l?<\/p>\n<p><img decoding=\"async\" class=\"size-full wp-image-38969\" title=\"legilius zapis do orsr ikona\" src=\"https:\/\/legilius.sk\/wp-content\/uploads\/2022\/04\/legilius-zapis-do-orsr-ikona.png\" alt=\"legilius zapis do orsr ikona\" width=\"50\" height=\"47\" \/><\/p>\n<p>&nbsp;<\/p>\n<p>Ez azt jelzi, hogy nincs be\u00edrva az \u00f6sszes k\u00f6telez\u0151 adattja c\u00e9gnyilv\u00e1ntart\u00e1sban.<\/p>\n<p>A 390\/2019. sz. t\u00f6rv\u00e9ny szerint, a c\u00e9gnyilv\u00e1ntart\u00e1sban szerepl\u0151 valamennyi azonos\u00edt\u00f3 adattal nem rendelkez\u0151 bejegyzett jogi szem\u00e9ly nev\u00e9ben elj\u00e1rni jogosult term\u00e9szetes szem\u00e9ly <strong>k\u00f6teles egyeztetni (kieg\u00e9sz\u00edteni)<\/strong> a tagokra, t\u00f6rv\u00e9nyes szervekre vagy t\u00f6rv\u00e9nyes szervek tagjaira, a v\u00e1llalkoz\u00e1sok szervezeti egys\u00e9geinek vezet\u0151ire, az \u00e1llam\u00fcgy\u00e9szekre, a fel\u00fcgyeleti szerv tagjaira, a felsz\u00e1mol\u00f3kra, a cs\u0151dgondnokra \u00e9s k\u00e9pvisel\u0151ikre, a k\u00fclf\u00f6ldi jogi szem\u00e9lyek v\u00e1llalkoz\u00e1svezet\u0151ire vagy szervezeti egys\u00e9geire vonatkoz\u00f3 r\u00f6gz\u00edtett adatokat (azonos\u00edt\u00f3 adatokat).<\/p>\n<p>A hi\u00e1nyz\u00f3 adatok azokra a t\u00e1rsas\u00e1gokra <strong>vonatkoznak, amelyeket 2020.09.30-ig jegyeztek be a c\u00e9gnyilv\u00e1ntart\u00e1sba<\/strong>, mivel addig a szerveik tagjaira vonatkoz\u00f3 egyes adatokat m\u00e9g nem kellett bejegyezni a c\u00e9gnyilv\u00e1ntart\u00e1sba. <strong>Ezek k\u00f6z\u00e9 tartozik p\u00e9ld\u00e1ul a sz\u00fclet\u00e9si d\u00e1tum \u00e9s a t\u00e1rsult szem\u00e9lyek t\u00e1rsadalombiztos\u00edt\u00e1si sz\u00e1ma, a k\u00fclf\u00f6ldiek \u00fatlevel\u00e9nek\/egy\u00e9b okm\u00e1ny\u00e1nak sz\u00e1ma stb.<\/strong><\/p>\n<p>Ezek adatok a c\u00e9gnyilv\u00e1ntart\u00e1sba t\u00f6rt\u00e9n\u0151 bejegyz\u00e9s\u00e9t a nyilv\u00e1ntart\u00e1sba v\u00e9tel k\u00f6vetkez\u0151 k\u00e9relmez\u00e9sekor 2021.09.30-ig, de legk\u00e9s\u0151bb <strong><u>2022.09.30-ig kell egyeztetni<\/u><\/strong>.<\/p>\n<p><strong>AZ AZONOS\u00cdT\u00d3 ADATOK AUTOMATIZ\u00c1LT FELT\u00d6LT\u00c9SE (hat\u00e1lyos 2021.12.01-t\u0151l)<\/strong><\/p>\n<p>2021.12.01-i hat\u00e1llyal bevezet\u00e9sre ker\u00fclt az azonos\u00edt\u00f3 adatok automatiz\u00e1lt felt\u00f6lt\u00e9s\u00e9re \u00e9s az ugyanazon nyilv\u00e1ntart\u00f3 entit\u00e1shoz val\u00f3 \u00fagynevezett logikai hozz\u00e1rendel\u00e9s\u00fckre szolg\u00e1l\u00f3 mechanizmus. Ez azt jelenti, hogy az \u00e1llam lehet\u0151s\u00e9g szerint automatikusan felt\u00f6lti a r\u00f6gz\u00edtett adatokat a rendelkez\u00e9s\u00e9re \u00e1ll\u00f3 adatok seg\u00edts\u00e9g\u00e9vel. Ez azonban nem minden regisztr\u00e1lt szem\u00e9lyn\u00e9l lesz lehets\u00e9ges.<\/p>\n<p><strong>Akkor legyen k\u00f6r\u00fcltekint\u0151, ha a b\u00edr\u00f3s\u00e1g 2022.05.31-ig nem k\u00fcld \u00d6nnek automatikusan \u00e9rtes\u00edt\u00e9st a c\u00e9gnyilv\u00e1ntart\u00e1s kivonat\u00e1val egy\u00fctt<\/strong>. Ebben az esetben az azonos\u00edt\u00f3 adatok automatiz\u00e1lt felt\u00f6lt\u00e9se nem volt lehets\u00e9ges.<\/p>\n<p>A fentiek f\u00e9ny\u00e9ben azt javaslom, hogy ellen\u0151rizze a v\u00e1llalata regisztr\u00e1lt adatait. Ha nem rendelkezik a c\u00e9gnyilv\u00e1ntart\u00e1sban nyilv\u00e1ntartott \u00f6sszes adattal, \u00e9s 2022.05.31-ig nem kap \u00e9rtes\u00edt\u00e9st a b\u00edr\u00f3s\u00e1gt\u00f3l, akkor k\u00e9relmet kell beny\u00fajtania az adatok c\u00e9gnyilv\u00e1ntart\u00e1sba t\u00f6rt\u00e9n\u0151 bejegyz\u00e9se ir\u00e1nt. Ha csak a hi\u00e1nyz\u00f3 adatokat regisztr\u00e1lja, a k\u00e9relem mentes\u00fcl a b\u00edr\u00f3s\u00e1gi illet\u00e9kek al\u00f3l. Mind a tervezetet, mind a mell\u00e9kleteket elektronikus \u00faton kell beny\u00fajtani, \u00e9s min\u0151s\u00edtett elektronikus al\u00e1\u00edr\u00e1ssal kell al\u00e1\u00edrni.<\/p>\n<p>K\u00f6telezetts\u00e9gszeg\u00e9s eset\u00e9n a t\u00e1rsas\u00e1g nev\u00e9ben elj\u00e1rni jogosult szem\u00e9lyt 3.310,- Eur\u00f3ig terjed\u0151 b\u00edrs\u00e1gd\u00edj fenyegeti.<\/p>\n<p>&nbsp;<\/p>\n<div class='bootstrap-yop yop-poll-mc'>\n\t\t\t\t\t\t\t<div class=\"basic-yop-poll-container\" style=\"background-color:#ffffff; border:0px; border-style:solid; border-color:#000000; border-radius:5px; padding:10px 10px;\" data-id=\"23\" data-temp=\"basic\" data-skin=\"minimal\" data-cscheme=\"black\" data-cap=\"4\" data-access=\"guest\" data-tid=\"\" data-uid=\"fd5244aeaf8b1461b577811e2b2f7fab\" data-pid=\"38973\" data-resdet=\"votes-number,percentages\" data-show-results-to=\"guest,registered\" data-show-results-moment=\"before-vote\" data-show-results-only=\"false\" data-show-message=\"true\" data-show-results-as=\"bar\" data-sort-results-by=\"number-of-votes\" data-sort-results-rule=\"asc\"data-is-ended=\"0\" data-gdpr=\"no\" data-gdpr-sol=\"consent\" data-css=\".basic-yop-poll-container[data-uid] .basic-vote {\n\t\t\t\t\t\t\t\t\ttext-align: center;\n\t\t\t\t\t\t\t\t}\n\n\/*tlacitko*\/\na.button.basic-vote-button {\nmargin-top: 20px;\nbackground: #c1b3af!Important;\ncolor: black!Important;\ntransition: all 0.3s ease-out;\n}\na.button.basic-vote-button:hover {\nmargin-top: 20px;\nbackground: #695853!Important;\ncolor: #c1b3af!Important;\n}\n\n\/*zmena farby grafu hodnotenia*\/\n.progress-bar.six-sec-ease-in-out {\n    background: #ffc70a!Important;\n}\n\n\/*odpoved*\/\nli.basic-answer.col-xs-6.col-sm-6.col-md-6 {\n    margin-left: -15px;\n}\n\" data-counter=\"0\" data-load-with=\"1\" data-notification-section=\"top\"><div class=\"row\"><div class=\"col-md-12\"><div class=\"basic-inner\"><div class=\"basic-message hide\" style=\"border-left: 10px solid #ffc70a; padding: 0px 10px;\" data-error=\"#ff0000\" data-success=\"#ffc70a\"><p class=\"basic-message-text\" style=\"color:#000000; font-size:18px; font-weight:normal;\"><\/p><\/div><div class=\"basic-overlay hide\"><div class=\"basic-vote-options\"><\/div><div class=\"basic-preloader\"><div class=\"basic-windows8\"><div class=\"basic-wBall basic-wBall_1\"><div class=\"basic-wInnerBall\"><\/div><\/div><div class=\"basic-wBall basic-wBall_2\"><div class=\"basic-wInnerBall\"><\/div><\/div><div class=\"basic-wBall basic-wBall_3\"><div class=\"basic-wInnerBall\"><\/div><\/div><div class=\"basic-wBall basic-wBall_4\"><div class=\"basic-wInnerBall\"><\/div><\/div><div class=\"basic-wBall basic-wBall_5\"><div class=\"basic-wInnerBall\"><\/div><\/div><\/div><\/div><\/div><form class=\"basic-form\"><input type=\"hidden\" name=\"_token\" value=\"fe57fb1f8d\" autocomplete=\"off\"><div class=\"basic-elements\"><div class=\"basic-element basic-question basic-question-text-horizontal\" data-id=\"23\" data-uid=\"e3cda6bc4d3b103c3e96fd68b467a983\" data-type=\"question\" data-question-type=\"text\" data-allow-multiple=\"no\" data-min=\"1\" data-max=\"1\" data-display=\"horizontal\" data-colnum=\"\" data-display-others=\"no\" data-others-color=\"\" data-others=\"\"><div role=\"heading\" aria-level=\"5\" class=\"basic-question-title\" style=\"color:#000000; font-size:18px; font-weight:bold; text-align:left;\">Hasznos volt ez a cikk?<\/div><ul class=\"basic-answers basic-h-answers\"><li class=\"basic-answer col-xs-6 col-sm-6 col-md-6\" style=\"padding:0px 0px;\" data-id=\"45\" data-type=\"text\" data-vn=\"0\" data-color=\"#000000\" data-make-link=\"no\" data-link=\"\"><div class=\"basic-answer-content basic-text-horizontal\"><label for=\"answer[45]\" class=\"basic-answer-label\"><input type=\"radio\" id=\"answer[45]\" name=\"answer[23]\" value=\"45\" autocomplete=\"off\"><span class=\"basic-text\" style=\"color: #000000; font-size: 18px; font-weight: normal;\" tabindex=\"0\">Igen<\/span><\/label><\/div><\/li><li class=\"basic-answer col-xs-6 col-sm-6 col-md-6\" style=\"padding:0px 0px;\" data-id=\"46\" data-type=\"text\" data-vn=\"0\" data-color=\"#000000\" data-make-link=\"no\" data-link=\"\"><div class=\"basic-answer-content basic-text-horizontal\"><label for=\"answer[46]\" class=\"basic-answer-label\"><input type=\"radio\" id=\"answer[46]\" name=\"answer[23]\" value=\"46\" autocomplete=\"off\"><span class=\"basic-text\" style=\"color: #000000; font-size: 18px; font-weight: normal;\" tabindex=\"0\">Nem<\/span><\/label><\/div><\/li><\/ul><\/div><div class=\"clearfix\"><\/div><\/div><div id=\"yop-poll-captcha-fd5244aeaf8b1461b577811e2b2f7fab\" class=\"basic-captcha\"><\/div><div class=\"basic-vote\"><a href=\"#\" class=\"button basic-vote-button\" role=\"button\" style=\"background:#19234e; border:1px; border-style: solid; border-color:#000000; border-radius:3px; padding:10px 30px; color:#ffffff; font-size:21px; font-weight:normal;\">Szavaz\u00e1s<\/a><\/div><\/form><\/div><\/div><\/div><\/div>\n\t\t\t\t\t\t<\/div>\n","protected":false},"excerpt":{"rendered":"<p>&nbsp; &nbsp; Ellen\u0151rizze a c\u00e9ge regisztr\u00e1lt adatait a c\u00e9gnyilv\u00e1ntart\u00e1sban (2022.04.25.) A Szlov\u00e1k K\u00f6zt\u00e1rsas\u00e1g C\u00e9gnyilv\u00e1ntart\u00e1s\u00e1nak honlapj\u00e1n (www.orsr.sk) keresse meg a c\u00e9g\u00e9t. Megjelent ez az ikon bizonyos adatokn\u00e1l? &nbsp; Ez azt jelzi, hogy nincs be\u00edrva az \u00f6sszes k\u00f6telez\u0151 adattja c\u00e9gnyilv\u00e1ntart\u00e1sban. A 390\/2019. sz. t\u00f6rv\u00e9ny szerint, a c\u00e9gnyilv\u00e1ntart\u00e1sban szerepl\u0151 valamennyi azonos\u00edt\u00f3 adattal nem rendelkez\u0151 bejegyzett jogi szem\u00e9ly nev\u00e9ben [&hellip;]<\/p>\n","protected":false},"author":8,"featured_media":38967,"comment_status":"open","ping_status":"closed","sticky":false,"template":"","format":"standard","meta":{"_et_pb_use_builder":"","_et_pb_old_content":"","_et_gb_content_width":"","footnotes":""},"categories":[53],"tags":[],"class_list":["post-38973","post","type-post","status-publish","format-standard","has-post-thumbnail","hentry","category-uncategorized-hu"],"yoast_head":"<!-- This site is optimized with the Yoast SEO plugin v27.0 - https:\/\/yoast.com\/product\/yoast-seo-wordpress\/ -->\n<title>Adatok bejegyz\u00e9se a c\u00e9gjegyz\u00e9kbe | JUDr. Zuzana Tak\u00e1csov\u00e1, Advok\u00e1tka<\/title>\n<meta name=\"description\" content=\"Sz\u00e1m\u00fa t\u00f6rv\u00e9ny 390\/2019 Coll. felhatalmaz\u00e1st kapott arra, hogy term\u00e9szetes szem\u00e9lyek a bejegyzett jogi szem\u00e9ly nev\u00e9ben elj\u00e1rjanak, amely k\u00fcl\u00f6nleges ...\" \/>\n<meta name=\"robots\" content=\"index, follow, max-snippet:-1, max-image-preview:large, max-video-preview:-1\" \/>\n<link rel=\"canonical\" href=\"https:\/\/legilius.sk\/hu\/adatok-bejegyzese-a-cegjegyzekbe\/\" \/>\n<meta property=\"og:locale\" content=\"hu_HU\" \/>\n<meta property=\"og:type\" content=\"article\" \/>\n<meta property=\"og:title\" content=\"Adatok bejegyz\u00e9se a c\u00e9gjegyz\u00e9kbe | JUDr. Zuzana Tak\u00e1csov\u00e1, Advok\u00e1tka\" \/>\n<meta property=\"og:description\" content=\"Sz\u00e1m\u00fa t\u00f6rv\u00e9ny 390\/2019 Coll. felhatalmaz\u00e1st kapott arra, hogy term\u00e9szetes szem\u00e9lyek a bejegyzett jogi szem\u00e9ly nev\u00e9ben elj\u00e1rjanak, amely k\u00fcl\u00f6nleges ...\" \/>\n<meta property=\"og:url\" content=\"https:\/\/legilius.sk\/hu\/adatok-bejegyzese-a-cegjegyzekbe\/\" \/>\n<meta property=\"og:site_name\" content=\"JUDr. Zuzana Tak\u00e1csov\u00e1, Advok\u00e1tka\" \/>\n<meta property=\"article:published_time\" content=\"2022-04-28T12:00:55+00:00\" \/>\n<meta property=\"article:modified_time\" content=\"2022-04-28T12:02:21+00:00\" \/>\n<meta property=\"og:image\" content=\"https:\/\/legilius.sk\/wp-content\/uploads\/2022\/04\/legilius-zapis-udajov-do-obchodneho-registra.jpg\" \/>\n\t<meta property=\"og:image:width\" content=\"1200\" \/>\n\t<meta property=\"og:image:height\" content=\"630\" \/>\n\t<meta property=\"og:image:type\" content=\"image\/jpeg\" \/>\n<meta name=\"author\" content=\"JUDr. Zuzana Tak\u00e1csov\u00e1\" \/>\n<meta name=\"twitter:label1\" content=\"Szerz\u0151:\" \/>\n\t<meta name=\"twitter:data1\" content=\"JUDr. Zuzana Tak\u00e1csov\u00e1\" \/>\n\t<meta name=\"twitter:label2\" content=\"Becs\u00fclt olvas\u00e1si id\u0151\" \/>\n\t<meta name=\"twitter:data2\" content=\"3 perc\" \/>\n<script type=\"application\/ld+json\" class=\"yoast-schema-graph\">{\"@context\":\"https:\/\/schema.org\",\"@graph\":[{\"@type\":\"Article\",\"@id\":\"https:\/\/legilius.sk\/hu\/adatok-bejegyzese-a-cegjegyzekbe\/#article\",\"isPartOf\":{\"@id\":\"https:\/\/legilius.sk\/hu\/adatok-bejegyzese-a-cegjegyzekbe\/\"},\"author\":{\"name\":\"JUDr. Zuzana Tak\u00e1csov\u00e1\",\"@id\":\"https:\/\/legilius.sk\/#\/schema\/person\/45b9a4df4bc6643942076f2253af1044\"},\"headline\":\"Adatok bejegyz\u00e9se a c\u00e9gjegyz\u00e9kbe\",\"datePublished\":\"2022-04-28T12:00:55+00:00\",\"dateModified\":\"2022-04-28T12:02:21+00:00\",\"mainEntityOfPage\":{\"@id\":\"https:\/\/legilius.sk\/hu\/adatok-bejegyzese-a-cegjegyzekbe\/\"},\"wordCount\":546,\"commentCount\":0,\"publisher\":{\"@id\":\"https:\/\/legilius.sk\/#organization\"},\"image\":{\"@id\":\"https:\/\/legilius.sk\/hu\/adatok-bejegyzese-a-cegjegyzekbe\/#primaryimage\"},\"thumbnailUrl\":\"https:\/\/legilius.sk\/wp-content\/uploads\/2022\/04\/legilius-zapis-udajov-do-obchodneho-registra.jpg\",\"articleSection\":[\"Uncategorized @hu\"],\"inLanguage\":\"hu\",\"potentialAction\":[{\"@type\":\"CommentAction\",\"name\":\"Comment\",\"target\":[\"https:\/\/legilius.sk\/hu\/adatok-bejegyzese-a-cegjegyzekbe\/#respond\"]}]},{\"@type\":\"WebPage\",\"@id\":\"https:\/\/legilius.sk\/hu\/adatok-bejegyzese-a-cegjegyzekbe\/\",\"url\":\"https:\/\/legilius.sk\/hu\/adatok-bejegyzese-a-cegjegyzekbe\/\",\"name\":\"Adatok bejegyz\u00e9se a c\u00e9gjegyz\u00e9kbe | JUDr. Zuzana Tak\u00e1csov\u00e1, Advok\u00e1tka\",\"isPartOf\":{\"@id\":\"https:\/\/legilius.sk\/#website\"},\"primaryImageOfPage\":{\"@id\":\"https:\/\/legilius.sk\/hu\/adatok-bejegyzese-a-cegjegyzekbe\/#primaryimage\"},\"image\":{\"@id\":\"https:\/\/legilius.sk\/hu\/adatok-bejegyzese-a-cegjegyzekbe\/#primaryimage\"},\"thumbnailUrl\":\"https:\/\/legilius.sk\/wp-content\/uploads\/2022\/04\/legilius-zapis-udajov-do-obchodneho-registra.jpg\",\"datePublished\":\"2022-04-28T12:00:55+00:00\",\"dateModified\":\"2022-04-28T12:02:21+00:00\",\"description\":\"Sz\u00e1m\u00fa t\u00f6rv\u00e9ny 390\/2019 Coll. felhatalmaz\u00e1st kapott arra, hogy term\u00e9szetes szem\u00e9lyek a bejegyzett jogi szem\u00e9ly nev\u00e9ben elj\u00e1rjanak, amely k\u00fcl\u00f6nleges ...\",\"breadcrumb\":{\"@id\":\"https:\/\/legilius.sk\/hu\/adatok-bejegyzese-a-cegjegyzekbe\/#breadcrumb\"},\"inLanguage\":\"hu\",\"potentialAction\":[{\"@type\":\"ReadAction\",\"target\":[\"https:\/\/legilius.sk\/hu\/adatok-bejegyzese-a-cegjegyzekbe\/\"]}]},{\"@type\":\"ImageObject\",\"inLanguage\":\"hu\",\"@id\":\"https:\/\/legilius.sk\/hu\/adatok-bejegyzese-a-cegjegyzekbe\/#primaryimage\",\"url\":\"https:\/\/legilius.sk\/wp-content\/uploads\/2022\/04\/legilius-zapis-udajov-do-obchodneho-registra.jpg\",\"contentUrl\":\"https:\/\/legilius.sk\/wp-content\/uploads\/2022\/04\/legilius-zapis-udajov-do-obchodneho-registra.jpg\",\"width\":1200,\"height\":630,\"caption\":\"legilius zapis udajov do obchodneho registra\"},{\"@type\":\"BreadcrumbList\",\"@id\":\"https:\/\/legilius.sk\/hu\/adatok-bejegyzese-a-cegjegyzekbe\/#breadcrumb\",\"itemListElement\":[{\"@type\":\"ListItem\",\"position\":1,\"name\":\"Home\",\"item\":\"https:\/\/legilius.sk\/hu\/\"},{\"@type\":\"ListItem\",\"position\":2,\"name\":\"Adatok bejegyz\u00e9se a c\u00e9gjegyz\u00e9kbe\"}]},{\"@type\":\"WebSite\",\"@id\":\"https:\/\/legilius.sk\/#website\",\"url\":\"https:\/\/legilius.sk\/\",\"name\":\"JUDr. Zuzana Tak\u00e1csov\u00e1, Advok\u00e1tka\",\"description\":\"\",\"publisher\":{\"@id\":\"https:\/\/legilius.sk\/#organization\"},\"potentialAction\":[{\"@type\":\"SearchAction\",\"target\":{\"@type\":\"EntryPoint\",\"urlTemplate\":\"https:\/\/legilius.sk\/?s={search_term_string}\"},\"query-input\":{\"@type\":\"PropertyValueSpecification\",\"valueRequired\":true,\"valueName\":\"search_term_string\"}}],\"inLanguage\":\"hu\"},{\"@type\":\"Organization\",\"@id\":\"https:\/\/legilius.sk\/#organization\",\"name\":\"LEGILIUS\",\"url\":\"https:\/\/legilius.sk\/\",\"logo\":{\"@type\":\"ImageObject\",\"inLanguage\":\"hu\",\"@id\":\"https:\/\/legilius.sk\/#\/schema\/logo\/image\/\",\"url\":\"https:\/\/legilius.sk\/wp-content\/uploads\/2021\/12\/legilius-logo-final.png\",\"contentUrl\":\"https:\/\/legilius.sk\/wp-content\/uploads\/2021\/12\/legilius-logo-final.png\",\"width\":250,\"height\":77,\"caption\":\"LEGILIUS\"},\"image\":{\"@id\":\"https:\/\/legilius.sk\/#\/schema\/logo\/image\/\"}},{\"@type\":\"Person\",\"@id\":\"https:\/\/legilius.sk\/#\/schema\/person\/45b9a4df4bc6643942076f2253af1044\",\"name\":\"JUDr. Zuzana Tak\u00e1csov\u00e1\",\"image\":{\"@type\":\"ImageObject\",\"inLanguage\":\"hu\",\"@id\":\"https:\/\/legilius.sk\/#\/schema\/person\/image\/\",\"url\":\"https:\/\/secure.gravatar.com\/avatar\/c38efbd933dce54b6c2973bb608b197f752db76640842d28670a13b4fe31aa2e?s=96&d=mm&r=g\",\"contentUrl\":\"https:\/\/secure.gravatar.com\/avatar\/c38efbd933dce54b6c2973bb608b197f752db76640842d28670a13b4fe31aa2e?s=96&d=mm&r=g\",\"caption\":\"JUDr. Zuzana Tak\u00e1csov\u00e1\"},\"url\":\"https:\/\/legilius.sk\/hu\/author\/legilius\/\"}]}<\/script>\n<!-- \/ Yoast SEO plugin. -->","yoast_head_json":{"title":"Adatok bejegyz\u00e9se a c\u00e9gjegyz\u00e9kbe | JUDr. Zuzana Tak\u00e1csov\u00e1, Advok\u00e1tka","description":"Sz\u00e1m\u00fa t\u00f6rv\u00e9ny 390\/2019 Coll. felhatalmaz\u00e1st kapott arra, hogy term\u00e9szetes szem\u00e9lyek a bejegyzett jogi szem\u00e9ly nev\u00e9ben elj\u00e1rjanak, amely k\u00fcl\u00f6nleges ...","robots":{"index":"index","follow":"follow","max-snippet":"max-snippet:-1","max-image-preview":"max-image-preview:large","max-video-preview":"max-video-preview:-1"},"canonical":"https:\/\/legilius.sk\/hu\/adatok-bejegyzese-a-cegjegyzekbe\/","og_locale":"hu_HU","og_type":"article","og_title":"Adatok bejegyz\u00e9se a c\u00e9gjegyz\u00e9kbe | JUDr. Zuzana Tak\u00e1csov\u00e1, Advok\u00e1tka","og_description":"Sz\u00e1m\u00fa t\u00f6rv\u00e9ny 390\/2019 Coll. felhatalmaz\u00e1st kapott arra, hogy term\u00e9szetes szem\u00e9lyek a bejegyzett jogi szem\u00e9ly nev\u00e9ben elj\u00e1rjanak, amely k\u00fcl\u00f6nleges ...","og_url":"https:\/\/legilius.sk\/hu\/adatok-bejegyzese-a-cegjegyzekbe\/","og_site_name":"JUDr. Zuzana Tak\u00e1csov\u00e1, Advok\u00e1tka","article_published_time":"2022-04-28T12:00:55+00:00","article_modified_time":"2022-04-28T12:02:21+00:00","og_image":[{"width":1200,"height":630,"url":"https:\/\/legilius.sk\/wp-content\/uploads\/2022\/04\/legilius-zapis-udajov-do-obchodneho-registra.jpg","type":"image\/jpeg"}],"author":"JUDr. Zuzana Tak\u00e1csov\u00e1","twitter_misc":{"Szerz\u0151:":"JUDr. Zuzana Tak\u00e1csov\u00e1","Becs\u00fclt olvas\u00e1si id\u0151":"3 perc"},"schema":{"@context":"https:\/\/schema.org","@graph":[{"@type":"Article","@id":"https:\/\/legilius.sk\/hu\/adatok-bejegyzese-a-cegjegyzekbe\/#article","isPartOf":{"@id":"https:\/\/legilius.sk\/hu\/adatok-bejegyzese-a-cegjegyzekbe\/"},"author":{"name":"JUDr. Zuzana Tak\u00e1csov\u00e1","@id":"https:\/\/legilius.sk\/#\/schema\/person\/45b9a4df4bc6643942076f2253af1044"},"headline":"Adatok bejegyz\u00e9se a c\u00e9gjegyz\u00e9kbe","datePublished":"2022-04-28T12:00:55+00:00","dateModified":"2022-04-28T12:02:21+00:00","mainEntityOfPage":{"@id":"https:\/\/legilius.sk\/hu\/adatok-bejegyzese-a-cegjegyzekbe\/"},"wordCount":546,"commentCount":0,"publisher":{"@id":"https:\/\/legilius.sk\/#organization"},"image":{"@id":"https:\/\/legilius.sk\/hu\/adatok-bejegyzese-a-cegjegyzekbe\/#primaryimage"},"thumbnailUrl":"https:\/\/legilius.sk\/wp-content\/uploads\/2022\/04\/legilius-zapis-udajov-do-obchodneho-registra.jpg","articleSection":["Uncategorized @hu"],"inLanguage":"hu","potentialAction":[{"@type":"CommentAction","name":"Comment","target":["https:\/\/legilius.sk\/hu\/adatok-bejegyzese-a-cegjegyzekbe\/#respond"]}]},{"@type":"WebPage","@id":"https:\/\/legilius.sk\/hu\/adatok-bejegyzese-a-cegjegyzekbe\/","url":"https:\/\/legilius.sk\/hu\/adatok-bejegyzese-a-cegjegyzekbe\/","name":"Adatok bejegyz\u00e9se a c\u00e9gjegyz\u00e9kbe | JUDr. Zuzana Tak\u00e1csov\u00e1, Advok\u00e1tka","isPartOf":{"@id":"https:\/\/legilius.sk\/#website"},"primaryImageOfPage":{"@id":"https:\/\/legilius.sk\/hu\/adatok-bejegyzese-a-cegjegyzekbe\/#primaryimage"},"image":{"@id":"https:\/\/legilius.sk\/hu\/adatok-bejegyzese-a-cegjegyzekbe\/#primaryimage"},"thumbnailUrl":"https:\/\/legilius.sk\/wp-content\/uploads\/2022\/04\/legilius-zapis-udajov-do-obchodneho-registra.jpg","datePublished":"2022-04-28T12:00:55+00:00","dateModified":"2022-04-28T12:02:21+00:00","description":"Sz\u00e1m\u00fa t\u00f6rv\u00e9ny 390\/2019 Coll. felhatalmaz\u00e1st kapott arra, hogy term\u00e9szetes szem\u00e9lyek a bejegyzett jogi szem\u00e9ly nev\u00e9ben elj\u00e1rjanak, amely k\u00fcl\u00f6nleges ...","breadcrumb":{"@id":"https:\/\/legilius.sk\/hu\/adatok-bejegyzese-a-cegjegyzekbe\/#breadcrumb"},"inLanguage":"hu","potentialAction":[{"@type":"ReadAction","target":["https:\/\/legilius.sk\/hu\/adatok-bejegyzese-a-cegjegyzekbe\/"]}]},{"@type":"ImageObject","inLanguage":"hu","@id":"https:\/\/legilius.sk\/hu\/adatok-bejegyzese-a-cegjegyzekbe\/#primaryimage","url":"https:\/\/legilius.sk\/wp-content\/uploads\/2022\/04\/legilius-zapis-udajov-do-obchodneho-registra.jpg","contentUrl":"https:\/\/legilius.sk\/wp-content\/uploads\/2022\/04\/legilius-zapis-udajov-do-obchodneho-registra.jpg","width":1200,"height":630,"caption":"legilius zapis udajov do obchodneho registra"},{"@type":"BreadcrumbList","@id":"https:\/\/legilius.sk\/hu\/adatok-bejegyzese-a-cegjegyzekbe\/#breadcrumb","itemListElement":[{"@type":"ListItem","position":1,"name":"Home","item":"https:\/\/legilius.sk\/hu\/"},{"@type":"ListItem","position":2,"name":"Adatok bejegyz\u00e9se a c\u00e9gjegyz\u00e9kbe"}]},{"@type":"WebSite","@id":"https:\/\/legilius.sk\/#website","url":"https:\/\/legilius.sk\/","name":"JUDr. Zuzana Tak\u00e1csov\u00e1, Advok\u00e1tka","description":"","publisher":{"@id":"https:\/\/legilius.sk\/#organization"},"potentialAction":[{"@type":"SearchAction","target":{"@type":"EntryPoint","urlTemplate":"https:\/\/legilius.sk\/?s={search_term_string}"},"query-input":{"@type":"PropertyValueSpecification","valueRequired":true,"valueName":"search_term_string"}}],"inLanguage":"hu"},{"@type":"Organization","@id":"https:\/\/legilius.sk\/#organization","name":"LEGILIUS","url":"https:\/\/legilius.sk\/","logo":{"@type":"ImageObject","inLanguage":"hu","@id":"https:\/\/legilius.sk\/#\/schema\/logo\/image\/","url":"https:\/\/legilius.sk\/wp-content\/uploads\/2021\/12\/legilius-logo-final.png","contentUrl":"https:\/\/legilius.sk\/wp-content\/uploads\/2021\/12\/legilius-logo-final.png","width":250,"height":77,"caption":"LEGILIUS"},"image":{"@id":"https:\/\/legilius.sk\/#\/schema\/logo\/image\/"}},{"@type":"Person","@id":"https:\/\/legilius.sk\/#\/schema\/person\/45b9a4df4bc6643942076f2253af1044","name":"JUDr. Zuzana Tak\u00e1csov\u00e1","image":{"@type":"ImageObject","inLanguage":"hu","@id":"https:\/\/legilius.sk\/#\/schema\/person\/image\/","url":"https:\/\/secure.gravatar.com\/avatar\/c38efbd933dce54b6c2973bb608b197f752db76640842d28670a13b4fe31aa2e?s=96&d=mm&r=g","contentUrl":"https:\/\/secure.gravatar.com\/avatar\/c38efbd933dce54b6c2973bb608b197f752db76640842d28670a13b4fe31aa2e?s=96&d=mm&r=g","caption":"JUDr. Zuzana Tak\u00e1csov\u00e1"},"url":"https:\/\/legilius.sk\/hu\/author\/legilius\/"}]}},"_links":{"self":[{"href":"https:\/\/legilius.sk\/hu\/wp-json\/wp\/v2\/posts\/38973","targetHints":{"allow":["GET"]}}],"collection":[{"href":"https:\/\/legilius.sk\/hu\/wp-json\/wp\/v2\/posts"}],"about":[{"href":"https:\/\/legilius.sk\/hu\/wp-json\/wp\/v2\/types\/post"}],"author":[{"embeddable":true,"href":"https:\/\/legilius.sk\/hu\/wp-json\/wp\/v2\/users\/8"}],"replies":[{"embeddable":true,"href":"https:\/\/legilius.sk\/hu\/wp-json\/wp\/v2\/comments?post=38973"}],"version-history":[{"count":1,"href":"https:\/\/legilius.sk\/hu\/wp-json\/wp\/v2\/posts\/38973\/revisions"}],"predecessor-version":[{"id":38974,"href":"https:\/\/legilius.sk\/hu\/wp-json\/wp\/v2\/posts\/38973\/revisions\/38974"}],"wp:featuredmedia":[{"embeddable":true,"href":"https:\/\/legilius.sk\/hu\/wp-json\/wp\/v2\/media\/38967"}],"wp:attachment":[{"href":"https:\/\/legilius.sk\/hu\/wp-json\/wp\/v2\/media?parent=38973"}],"wp:term":[{"taxonomy":"category","embeddable":true,"href":"https:\/\/legilius.sk\/hu\/wp-json\/wp\/v2\/categories?post=38973"},{"taxonomy":"post_tag","embeddable":true,"href":"https:\/\/legilius.sk\/hu\/wp-json\/wp\/v2\/tags?post=38973"}],"curies":[{"name":"wp","href":"https:\/\/api.w.org\/{rel}","templated":true}]}}