{"id":39091,"date":"2022-05-13T10:19:17","date_gmt":"2022-05-13T08:19:17","guid":{"rendered":"https:\/\/legilius.sk\/?p=39091\/"},"modified":"2023-01-23T18:49:32","modified_gmt":"2023-01-23T17:49:32","slug":"egyedulallo-anya-tartasi-tamogatasa","status":"publish","type":"post","link":"https:\/\/legilius.sk\/hu\/egyedulallo-anya-tartasi-tamogatasa\/","title":{"rendered":"Egyed\u00fcl\u00e1ll\u00f3 anya tart\u00e1si t\u00e1mogat\u00e1sa"},"content":{"rendered":"<div class=\"post-views content-post post-39091 entry-meta load-static\">\r\n\t\t\t\t<span class=\"post-views-icon dashicons dashicons-visibility\"><\/span> <span class=\"post-views-label\"><\/span> <span class=\"post-views-count\">394<\/span>\r\n\t\t\t<\/div>\n<p>&nbsp;<\/p>\n<hr \/>\n<p>&nbsp;<\/p>\n<p><strong>Ki \u00e9s mennyire jogosult a nem h\u00e1zas anya tart\u00e1sd\u00edj\u00e1ra?<\/strong><\/p>\n<p>(2022.5.6.)<\/p>\n<p>Amint azt az eml\u00edtett k\u00e9rd\u00e9s m\u00e1r mutatja, aza anya jogosult erre a\u00a0tart\u00e1sd\u00edjra, amely nem h\u00e1zas, \u00e9s att\u00f3l a\u00a0f\u00e9rfit\u0151l, aki a\u00a0gyermek apja. Amennyiben a gyermek anyja a gyermek apj\u00e1val \u00f6ssze van h\u00e1zasodva, nem jogosult erre a tart\u00e1sd\u00edjra, mivel a h\u00e1zast\u00e1rsak k\u00f6z\u00f6tti tart\u00e1si k\u00f6telezetts\u00e9get k\u00fcl\u00f6n vannak szab\u00e1lyozva.<\/p>\n<p>A csal\u00e1djogi t\u00f6rv\u00e9ny k\u00e9tf\u00e9le j\u00e1rul\u00e9kot k\u00fcl\u00f6nb\u00f6ztet meg, az egyik a nem h\u00e1zas anya tart\u00e1s\u00e1ra, a m\u00e1sik pedig a terhess\u00e9g \u00e9s a sz\u00fcl\u00e9s k\u00f6lts\u00e9geinek fedez\u00e9s\u00e9re szolg\u00e1l. Ezeknek a hozz\u00e1j\u00e1rul\u00e1soknak az a c\u00e9lja, hogy megk\u00f6nny\u00edts\u00e9k a nem h\u00e1zas anya sz\u00e1m\u00e1ra az \u00faj \u00e9lethelyzet\u00e9t, valamint a terhess\u00e9gb\u0151l \u00e9s a sz\u00fcl\u00e9sb\u0151l ered\u0151 probl\u00e9m\u00e1kat.<\/p>\n<p>Az anya tart\u00e1sd\u00edj\u00e1t legfeljebb k\u00e9t\u00e9ves id\u0151tartamra, havi rendszeres juttat\u00e1sra lehet meg\u00edt\u00e9lni. A terhess\u00e9ggel \u00e9s a sz\u00fcl\u00e9ssel kapcsolatos k\u00f6lts\u00e9gek megt\u00e9r\u00edt\u00e9s\u00e9re ny\u00fajtott t\u00e1mogat\u00e1s egyszeri hozz\u00e1j\u00e1rul\u00e1s, \u00e9s az anya \u00e1ltal a terhess\u00e9ggel \u00e9s a sz\u00fcl\u00e9ssel kapcsolatban felmer\u00fclt megn\u00f6vekedett k\u00f6lts\u00e9gek fedez\u00e9s\u00e9re szolg\u00e1l.<\/p>\n<p><strong>Tart\u00e1sd\u00edj<\/strong><\/p>\n<p>A nem h\u00e1zas anya tart\u00e1sd\u00edj\u00e1t legkor\u00e1bban att\u00f3l a pillanatt\u00f3l kezdve k\u00f6teles az apa fizetni, amikor a n\u0151 j\u00f6vedelme terhess\u00e9g vagy sz\u00fcl\u00e9s k\u00f6vetkezt\u00e9ben cs\u00f6kken. A t\u00f6rv\u00e9ny azt felt\u00e9telezi, hogy a\u00a0legk\u00e9s\u0151bbi pillanat a sz\u00fcl\u00e9s napja. A t\u00e1mogat\u00e1s \u00f6sszeg\u00e9nek kompenz\u00e1lnia kell a nem h\u00e1zas anya \u00e9letsz\u00ednvonal\u00e1t, a terhess\u00e9ge \u00e9s a sz\u00fcl\u00e9se el\u0151tt. Ez\u00e9rt a gyermektart\u00e1ssal ellent\u00e9tben nem az a d\u00f6nt\u0151, hogy a nem h\u00e1zas anya \u00e9letsz\u00ednvonal\u00e1t egyens\u00falyba hozzuk a gyermek apj\u00e1nak \u00e9letsz\u00ednvonal\u00e1val, hanem az anya eredeti \u00e9letsz\u00ednvonal\u00e1val. \u00cdgy a hozz\u00e1j\u00e1rul\u00e1s \u00f6sszeg\u00e9nek meghat\u00e1roz\u00e1sakor a b\u00edr\u00f3s\u00e1gok megvizsg\u00e1lja az anya \u00e9letsz\u00ednvonal\u00e1t a terhess\u00e9g el\u0151tt, alatt \u00e9s ut\u00e1n. Ezt k\u00f6vet\u0151en az apa \u00e9letsz\u00ednvonal\u00e1t is megvizsg\u00e1lja olyan m\u00e9rt\u00e9kben, hogy k\u00e9pes-e az anya r\u00e9sz\u00e9r\u0151l ezt a cs\u00f6kken\u00e9st kiegyenl\u00edteni.<\/p>\n<p><strong>Hozz\u00e1j\u00e1rul\u00e1s a terhess\u00e9g \u00e9s a sz\u00fcl\u00e9s k\u00f6lts\u00e9geinek fedez\u00e9s\u00e9re<\/strong><\/p>\n<p>A terhess\u00e9ggel \u00e9s a sz\u00fcl\u00e9ssel kapcsolatos k\u00f6lts\u00e9gek megt\u00e9r\u00edt\u00e9s\u00e9re ny\u00fajtott t\u00e1mogat\u00e1s az anya terhess\u00e9ggel \u00e9s sz\u00fcl\u00e9ssel kapcsolatban felmer\u00fclt \u00e9sszer\u0171 k\u00f6lts\u00e9geinek kompenz\u00e1l\u00e1s\u00e1ra szolg\u00e1l. Ez mag\u00e1ban foglalhatja p\u00e9ld\u00e1ul a terhess\u00e9gi vitaminok \u00e9s gy\u00f3gyszerek, a terhess\u00e9gi ruh\u00e1zat, az eg\u00e9szs\u00e9gbiztos\u00edt\u00e1s \u00e1ltal nem fedezett eg\u00e9szs\u00e9g\u00fcgyi kiad\u00e1sok stb. megv\u00e1s\u00e1rl\u00e1s\u00e1val kapcsolatos kiad\u00e1sokat. Egy n\u0151 jogosult erre a t\u00e1mogat\u00e1sra, f\u00fcggetlen\u00fcl att\u00f3l, hogy a baba \u00e9lve sz\u00fcletik-e. A gyermekre ford\u00edtott kiad\u00e1sok nem tartoznak ebbe a hozz\u00e1j\u00e1rul\u00e1sba, mivel ezeket figyelembe kell venni a kiskor\u00fa gyermekre jut\u00f3 tart\u00e1sd\u00edj \u00f6sszeg\u00e9nek meghat\u00e1roz\u00e1sakor.<\/p>\n<p><strong>Mi van, ha az apa nem v\u00e1llalja fel az apas\u00e1got?<\/strong><\/p>\n<p>A b\u00edr\u00f3s\u00e1g a v\u00e1rand\u00f3s n\u0151 k\u00e9relm\u00e9re k\u00f6telezheti azt a f\u00e9rfit, akinek apas\u00e1ga val\u00f3sz\u00edn\u0171, hogy el\u0151re biztos\u00edtja a tart\u00e1s biztos\u00edt\u00e1s\u00e1hoz sz\u00fcks\u00e9ges \u00f6sszeget, a terhess\u00e9g \u00e9s a sz\u00fcl\u00e9s k\u00f6lts\u00e9geinek fedez\u00e9s\u00e9hez val\u00f3 hozz\u00e1j\u00e1rul\u00e1st, valamint a gyermek eltart\u00e1s\u00e1nak biztos\u00edt\u00e1s\u00e1hoz sz\u00fcks\u00e9ges \u00f6sszeget arra az id\u0151szakra, amely alatt a n\u0151 anyas\u00e1gi szabads\u00e1gon lenne. Ezt a javaslatot azonban csak egy terhes n\u0151 teheti meg, azaz nem egy n\u0151 a sz\u00fcl\u00e9s ut\u00e1n. Ebben az elj\u00e1r\u00e1sban a b\u00edr\u00f3s\u00e1g nem foglalkozik az apas\u00e1g k\u00e9rd\u00e9s\u00e9vel (csak olyan m\u00e9rt\u00e9kben, amennyiben az val\u00f3sz\u00edn\u0171nek bizonyult).<\/p>\n<p><strong>Meddig kell b\u00edr\u00f3s\u00e1ghoz fordulnom?<\/strong><\/p>\n<p>El\u0151sz\u00f6r is meg kell jegyezni, hogy az anya peren k\u00edv\u00fcl is meg\u00e1llapodhat a gyermek apj\u00e1val e k\u00f6lts\u00e9gek megt\u00e9r\u00edt\u00e9s\u00e9r\u0151l. Javasoljuk, hogy ezt a meg\u00e1llapod\u00e1st \u00edr\u00e1sban k\u00f6sse meg.<\/p>\n<p>Ami a nem h\u00e1zas any\u00e1nak ny\u00fajtott tart\u00e1sd\u00edjat, valamint a terhess\u00e9g \u00e9s a sz\u00fcl\u00e9s k\u00f6lts\u00e9geinek megt\u00e9r\u00edt\u00e9s\u00e9re vonatkoz\u00f3 t\u00e1mogat\u00e1st illeti, hely\u00e9nval\u00f3 a k\u00e9relmet a sz\u00fcl\u00e9s napj\u00e1t\u00f3l sz\u00e1m\u00edtott h\u00e1rom \u00e9v lej\u00e1rta el\u0151tt beny\u00fajtani. A csal\u00e1djogi t\u00f6rv\u00e9ny kimondja, hogy a jog a sz\u00fcl\u00e9s ut\u00e1n h\u00e1rom \u00e9vvel el\u00e9v\u00fcl.<\/p>\n<p>Ami az olyan f\u00e9rfival szembeni &#8222;el\u0151legeket&#8221; illeti, akinek az apas\u00e1ga val\u00f3sz\u00edn\u0171, csak egy terhes n\u0151 k\u00e9rv\u00e9nyezheti. A k\u00e9relmet ez\u00e9rt a sz\u00fclet\u00e9s el\u0151tt a b\u00edr\u00f3s\u00e1ghoz kell beny\u00fajtani.<\/p>\n<p>Ha b\u00e1rmilyen k\u00e9rd\u00e9se van, vagy seg\u00edts\u00e9gre van sz\u00fcks\u00e9ge a k\u00e9relem megfogalmaz\u00e1s\u00e1val \u00e9s a b\u00edr\u00f3s\u00e1ghoz t\u00f6rt\u00e9n\u0151 beny\u00fajt\u00e1s\u00e1val kapcsolatban, k\u00e9rj\u00fck, vegye fel a kapcsolatot \u00fcgyv\u00e9di irod\u00e1nkkal, amely jogi szolg\u00e1ltat\u00e1sokat ny\u00fajt.<\/p>\n<p>&nbsp;<\/p>\n<div class='bootstrap-yop yop-poll-mc'>\n\t\t\t\t\t\t\t<div class=\"basic-yop-poll-container\" style=\"background-color:#ffffff; border:0px; border-style:solid; border-color:#000000; border-radius:5px; padding:10px 10px;\" data-id=\"26\" data-temp=\"basic\" data-skin=\"minimal\" data-cscheme=\"black\" data-cap=\"4\" data-access=\"guest\" data-tid=\"\" data-uid=\"210c37f987d3b0dcbff4e06b675c7550\" data-pid=\"39091\" data-resdet=\"votes-number,percentages\" data-show-results-to=\"guest,registered\" data-show-results-moment=\"before-vote\" data-show-results-only=\"false\" data-show-message=\"true\" data-show-results-as=\"bar\" data-sort-results-by=\"number-of-votes\" data-sort-results-rule=\"asc\"data-is-ended=\"0\" data-gdpr=\"no\" data-gdpr-sol=\"consent\" data-css=\".basic-yop-poll-container[data-uid] .basic-vote {\n\t\t\t\t\t\t\t\t\ttext-align: center;\n\t\t\t\t\t\t\t\t}\n\n\/*tlacitko*\/\na.button.basic-vote-button {\nmargin-top: 20px;\nbackground: #c1b3af!Important;\ncolor: black!Important;\ntransition: all 0.3s ease-out;\n}\na.button.basic-vote-button:hover {\nmargin-top: 20px;\nbackground: #695853!Important;\ncolor: #c1b3af!Important;\n}\n\n\/*zmena farby grafu hodnotenia*\/\n.progress-bar.six-sec-ease-in-out {\n    background: #ffc70a!Important;\n}\n\n\/*odpoved*\/\nli.basic-answer.col-xs-6.col-sm-6.col-md-6 {\n    margin-left: -15px;\n}\n\" data-counter=\"0\" data-load-with=\"1\" data-notification-section=\"top\"><div class=\"row\"><div class=\"col-md-12\"><div class=\"basic-inner\"><div class=\"basic-message hide\" style=\"border-left: 10px solid #ffc70a; padding: 0px 10px;\" data-error=\"#ff0000\" data-success=\"#ffc70a\"><p class=\"basic-message-text\" style=\"color:#000000; font-size:18px; font-weight:normal;\"><\/p><\/div><div class=\"basic-overlay hide\"><div class=\"basic-vote-options\"><\/div><div class=\"basic-preloader\"><div class=\"basic-windows8\"><div class=\"basic-wBall basic-wBall_1\"><div class=\"basic-wInnerBall\"><\/div><\/div><div class=\"basic-wBall basic-wBall_2\"><div class=\"basic-wInnerBall\"><\/div><\/div><div class=\"basic-wBall basic-wBall_3\"><div class=\"basic-wInnerBall\"><\/div><\/div><div class=\"basic-wBall basic-wBall_4\"><div class=\"basic-wInnerBall\"><\/div><\/div><div class=\"basic-wBall basic-wBall_5\"><div class=\"basic-wInnerBall\"><\/div><\/div><\/div><\/div><\/div><form class=\"basic-form\"><input type=\"hidden\" name=\"_token\" value=\"c479cd7d5e\" autocomplete=\"off\"><div class=\"basic-elements\"><div class=\"basic-element basic-question basic-question-text-horizontal\" data-id=\"26\" data-uid=\"7f16464c9a0165c8de574f45467b394b\" data-type=\"question\" data-question-type=\"text\" data-allow-multiple=\"no\" data-min=\"1\" data-max=\"1\" data-display=\"horizontal\" data-colnum=\"\" data-display-others=\"no\" data-others-color=\"\" data-others=\"\"><div role=\"heading\" aria-level=\"5\" class=\"basic-question-title\" style=\"color:#000000; font-size:18px; font-weight:bold; text-align:left;\">Hasznos volt ez a cikk?<\/div><ul class=\"basic-answers basic-h-answers\"><li class=\"basic-answer col-xs-6 col-sm-6 col-md-6\" style=\"padding:0px 0px;\" data-id=\"51\" data-type=\"text\" data-vn=\"0\" data-color=\"#000000\" data-make-link=\"no\" data-link=\"\"><div class=\"basic-answer-content basic-text-horizontal\"><label for=\"answer[51]\" class=\"basic-answer-label\"><input type=\"radio\" id=\"answer[51]\" name=\"answer[26]\" value=\"51\" autocomplete=\"off\"><span class=\"basic-text\" style=\"color: #000000; font-size: 18px; font-weight: normal;\" tabindex=\"0\">Igen<\/span><\/label><\/div><\/li><li class=\"basic-answer col-xs-6 col-sm-6 col-md-6\" style=\"padding:0px 0px;\" data-id=\"52\" data-type=\"text\" data-vn=\"0\" data-color=\"#000000\" data-make-link=\"no\" data-link=\"\"><div class=\"basic-answer-content basic-text-horizontal\"><label for=\"answer[52]\" class=\"basic-answer-label\"><input type=\"radio\" id=\"answer[52]\" name=\"answer[26]\" value=\"52\" autocomplete=\"off\"><span class=\"basic-text\" style=\"color: #000000; font-size: 18px; font-weight: normal;\" tabindex=\"0\">Nem<\/span><\/label><\/div><\/li><\/ul><\/div><div class=\"clearfix\"><\/div><\/div><div id=\"yop-poll-captcha-210c37f987d3b0dcbff4e06b675c7550\" class=\"basic-captcha\"><\/div><div class=\"basic-vote\"><a href=\"#\" class=\"button basic-vote-button\" role=\"button\" style=\"background:#19234e; border:1px; border-style: solid; border-color:#000000; border-radius:3px; padding:10px 30px; color:#ffffff; font-size:21px; font-weight:normal;\">Szavaz\u00e1s<\/a><\/div><\/form><\/div><\/div><\/div><\/div>\n\t\t\t\t\t\t<\/div>\n","protected":false},"excerpt":{"rendered":"<p>&nbsp; &nbsp; Ki \u00e9s mennyire jogosult a nem h\u00e1zas anya tart\u00e1sd\u00edj\u00e1ra? (2022.5.6.) Amint azt az eml\u00edtett k\u00e9rd\u00e9s m\u00e1r mutatja, aza anya jogosult erre a\u00a0tart\u00e1sd\u00edjra, amely nem h\u00e1zas, \u00e9s att\u00f3l a\u00a0f\u00e9rfit\u0151l, aki a\u00a0gyermek apja. Amennyiben a gyermek anyja a gyermek apj\u00e1val \u00f6ssze van h\u00e1zasodva, nem jogosult erre a tart\u00e1sd\u00edjra, mivel a h\u00e1zast\u00e1rsak k\u00f6z\u00f6tti tart\u00e1si k\u00f6telezetts\u00e9get k\u00fcl\u00f6n [&hellip;]<\/p>\n","protected":false},"author":8,"featured_media":39089,"comment_status":"open","ping_status":"closed","sticky":false,"template":"","format":"standard","meta":{"_et_pb_use_builder":"","_et_pb_old_content":"","_et_gb_content_width":"","footnotes":""},"categories":[53],"tags":[],"class_list":["post-39091","post","type-post","status-publish","format-standard","has-post-thumbnail","hentry","category-uncategorized-hu"],"yoast_head":"<!-- This site is optimized with the Yoast SEO plugin v27.0 - https:\/\/yoast.com\/product\/yoast-seo-wordpress\/ -->\n<title>Egyed\u00fcl\u00e1ll\u00f3 anya tart\u00e1si t\u00e1mogat\u00e1sa | JUDr. Zuzana Tak\u00e1csov\u00e1, Advok\u00e1tka<\/title>\n<meta name=\"description\" content=\"Ki jogosult hajadon anyai t\u00e1mogat\u00e1sra \u00e9s milyen \u00f6sszegben? A csal\u00e1dt\u00f6rv\u00e9ny k\u00e9tf\u00e9le t\u00e1mogat\u00e1st k\u00fcl\u00f6nb\u00f6ztet meg, az egyiket a nem h\u00e1zas anya ...\" \/>\n<meta name=\"robots\" content=\"index, follow, max-snippet:-1, max-image-preview:large, max-video-preview:-1\" \/>\n<link rel=\"canonical\" href=\"https:\/\/legilius.sk\/hu\/egyedulallo-anya-tartasi-tamogatasa\/\" \/>\n<meta property=\"og:locale\" content=\"hu_HU\" \/>\n<meta property=\"og:type\" content=\"article\" \/>\n<meta property=\"og:title\" content=\"Egyed\u00fcl\u00e1ll\u00f3 anya tart\u00e1si t\u00e1mogat\u00e1sa | JUDr. Zuzana Tak\u00e1csov\u00e1, Advok\u00e1tka\" \/>\n<meta property=\"og:description\" content=\"Ki jogosult hajadon anyai t\u00e1mogat\u00e1sra \u00e9s milyen \u00f6sszegben? A csal\u00e1dt\u00f6rv\u00e9ny k\u00e9tf\u00e9le t\u00e1mogat\u00e1st k\u00fcl\u00f6nb\u00f6ztet meg, az egyiket a nem h\u00e1zas anya ...\" \/>\n<meta property=\"og:url\" content=\"https:\/\/legilius.sk\/hu\/egyedulallo-anya-tartasi-tamogatasa\/\" \/>\n<meta property=\"og:site_name\" content=\"JUDr. Zuzana Tak\u00e1csov\u00e1, Advok\u00e1tka\" \/>\n<meta property=\"article:published_time\" content=\"2022-05-13T08:19:17+00:00\" \/>\n<meta property=\"article:modified_time\" content=\"2023-01-23T17:49:32+00:00\" \/>\n<meta property=\"og:image\" content=\"https:\/\/legilius.sk\/wp-content\/uploads\/2022\/05\/prispevok-na-vyzivu-nevydatej-matky.jpg\" \/>\n\t<meta property=\"og:image:width\" content=\"1200\" \/>\n\t<meta property=\"og:image:height\" content=\"630\" \/>\n\t<meta property=\"og:image:type\" content=\"image\/jpeg\" \/>\n<meta name=\"author\" content=\"JUDr. Zuzana Tak\u00e1csov\u00e1\" \/>\n<meta name=\"twitter:label1\" content=\"Szerz\u0151:\" \/>\n\t<meta name=\"twitter:data1\" content=\"JUDr. Zuzana Tak\u00e1csov\u00e1\" \/>\n\t<meta name=\"twitter:label2\" content=\"Becs\u00fclt olvas\u00e1si id\u0151\" \/>\n\t<meta name=\"twitter:data2\" content=\"4 perc\" \/>\n<script type=\"application\/ld+json\" class=\"yoast-schema-graph\">{\"@context\":\"https:\/\/schema.org\",\"@graph\":[{\"@type\":\"Article\",\"@id\":\"https:\/\/legilius.sk\/hu\/egyedulallo-anya-tartasi-tamogatasa\/#article\",\"isPartOf\":{\"@id\":\"https:\/\/legilius.sk\/hu\/egyedulallo-anya-tartasi-tamogatasa\/\"},\"author\":{\"name\":\"JUDr. Zuzana Tak\u00e1csov\u00e1\",\"@id\":\"https:\/\/legilius.sk\/#\/schema\/person\/45b9a4df4bc6643942076f2253af1044\"},\"headline\":\"Egyed\u00fcl\u00e1ll\u00f3 anya tart\u00e1si t\u00e1mogat\u00e1sa\",\"datePublished\":\"2022-05-13T08:19:17+00:00\",\"dateModified\":\"2023-01-23T17:49:32+00:00\",\"mainEntityOfPage\":{\"@id\":\"https:\/\/legilius.sk\/hu\/egyedulallo-anya-tartasi-tamogatasa\/\"},\"wordCount\":979,\"commentCount\":0,\"publisher\":{\"@id\":\"https:\/\/legilius.sk\/#organization\"},\"image\":{\"@id\":\"https:\/\/legilius.sk\/hu\/egyedulallo-anya-tartasi-tamogatasa\/#primaryimage\"},\"thumbnailUrl\":\"https:\/\/legilius.sk\/wp-content\/uploads\/2022\/05\/prispevok-na-vyzivu-nevydatej-matky.jpg\",\"articleSection\":[\"Uncategorized @hu\"],\"inLanguage\":\"hu\",\"potentialAction\":[{\"@type\":\"CommentAction\",\"name\":\"Comment\",\"target\":[\"https:\/\/legilius.sk\/hu\/egyedulallo-anya-tartasi-tamogatasa\/#respond\"]}]},{\"@type\":\"WebPage\",\"@id\":\"https:\/\/legilius.sk\/hu\/egyedulallo-anya-tartasi-tamogatasa\/\",\"url\":\"https:\/\/legilius.sk\/hu\/egyedulallo-anya-tartasi-tamogatasa\/\",\"name\":\"Egyed\u00fcl\u00e1ll\u00f3 anya tart\u00e1si t\u00e1mogat\u00e1sa | JUDr. Zuzana Tak\u00e1csov\u00e1, Advok\u00e1tka\",\"isPartOf\":{\"@id\":\"https:\/\/legilius.sk\/#website\"},\"primaryImageOfPage\":{\"@id\":\"https:\/\/legilius.sk\/hu\/egyedulallo-anya-tartasi-tamogatasa\/#primaryimage\"},\"image\":{\"@id\":\"https:\/\/legilius.sk\/hu\/egyedulallo-anya-tartasi-tamogatasa\/#primaryimage\"},\"thumbnailUrl\":\"https:\/\/legilius.sk\/wp-content\/uploads\/2022\/05\/prispevok-na-vyzivu-nevydatej-matky.jpg\",\"datePublished\":\"2022-05-13T08:19:17+00:00\",\"dateModified\":\"2023-01-23T17:49:32+00:00\",\"description\":\"Ki jogosult hajadon anyai t\u00e1mogat\u00e1sra \u00e9s milyen \u00f6sszegben? A csal\u00e1dt\u00f6rv\u00e9ny k\u00e9tf\u00e9le t\u00e1mogat\u00e1st k\u00fcl\u00f6nb\u00f6ztet meg, az egyiket a nem h\u00e1zas anya ...\",\"breadcrumb\":{\"@id\":\"https:\/\/legilius.sk\/hu\/egyedulallo-anya-tartasi-tamogatasa\/#breadcrumb\"},\"inLanguage\":\"hu\",\"potentialAction\":[{\"@type\":\"ReadAction\",\"target\":[\"https:\/\/legilius.sk\/hu\/egyedulallo-anya-tartasi-tamogatasa\/\"]}]},{\"@type\":\"ImageObject\",\"inLanguage\":\"hu\",\"@id\":\"https:\/\/legilius.sk\/hu\/egyedulallo-anya-tartasi-tamogatasa\/#primaryimage\",\"url\":\"https:\/\/legilius.sk\/wp-content\/uploads\/2022\/05\/prispevok-na-vyzivu-nevydatej-matky.jpg\",\"contentUrl\":\"https:\/\/legilius.sk\/wp-content\/uploads\/2022\/05\/prispevok-na-vyzivu-nevydatej-matky.jpg\",\"width\":1200,\"height\":630,\"caption\":\"prispevok na vyzivu nevydatej matky\"},{\"@type\":\"BreadcrumbList\",\"@id\":\"https:\/\/legilius.sk\/hu\/egyedulallo-anya-tartasi-tamogatasa\/#breadcrumb\",\"itemListElement\":[{\"@type\":\"ListItem\",\"position\":1,\"name\":\"Home\",\"item\":\"https:\/\/legilius.sk\/hu\/\"},{\"@type\":\"ListItem\",\"position\":2,\"name\":\"Egyed\u00fcl\u00e1ll\u00f3 anya tart\u00e1si t\u00e1mogat\u00e1sa\"}]},{\"@type\":\"WebSite\",\"@id\":\"https:\/\/legilius.sk\/#website\",\"url\":\"https:\/\/legilius.sk\/\",\"name\":\"JUDr. Zuzana Tak\u00e1csov\u00e1, Advok\u00e1tka\",\"description\":\"\",\"publisher\":{\"@id\":\"https:\/\/legilius.sk\/#organization\"},\"potentialAction\":[{\"@type\":\"SearchAction\",\"target\":{\"@type\":\"EntryPoint\",\"urlTemplate\":\"https:\/\/legilius.sk\/?s={search_term_string}\"},\"query-input\":{\"@type\":\"PropertyValueSpecification\",\"valueRequired\":true,\"valueName\":\"search_term_string\"}}],\"inLanguage\":\"hu\"},{\"@type\":\"Organization\",\"@id\":\"https:\/\/legilius.sk\/#organization\",\"name\":\"LEGILIUS\",\"url\":\"https:\/\/legilius.sk\/\",\"logo\":{\"@type\":\"ImageObject\",\"inLanguage\":\"hu\",\"@id\":\"https:\/\/legilius.sk\/#\/schema\/logo\/image\/\",\"url\":\"https:\/\/legilius.sk\/wp-content\/uploads\/2021\/12\/legilius-logo-final.png\",\"contentUrl\":\"https:\/\/legilius.sk\/wp-content\/uploads\/2021\/12\/legilius-logo-final.png\",\"width\":250,\"height\":77,\"caption\":\"LEGILIUS\"},\"image\":{\"@id\":\"https:\/\/legilius.sk\/#\/schema\/logo\/image\/\"}},{\"@type\":\"Person\",\"@id\":\"https:\/\/legilius.sk\/#\/schema\/person\/45b9a4df4bc6643942076f2253af1044\",\"name\":\"JUDr. Zuzana Tak\u00e1csov\u00e1\",\"image\":{\"@type\":\"ImageObject\",\"inLanguage\":\"hu\",\"@id\":\"https:\/\/legilius.sk\/#\/schema\/person\/image\/\",\"url\":\"https:\/\/secure.gravatar.com\/avatar\/c38efbd933dce54b6c2973bb608b197f752db76640842d28670a13b4fe31aa2e?s=96&d=mm&r=g\",\"contentUrl\":\"https:\/\/secure.gravatar.com\/avatar\/c38efbd933dce54b6c2973bb608b197f752db76640842d28670a13b4fe31aa2e?s=96&d=mm&r=g\",\"caption\":\"JUDr. Zuzana Tak\u00e1csov\u00e1\"},\"url\":\"https:\/\/legilius.sk\/hu\/author\/legilius\/\"}]}<\/script>\n<!-- \/ Yoast SEO plugin. -->","yoast_head_json":{"title":"Egyed\u00fcl\u00e1ll\u00f3 anya tart\u00e1si t\u00e1mogat\u00e1sa | JUDr. Zuzana Tak\u00e1csov\u00e1, Advok\u00e1tka","description":"Ki jogosult hajadon anyai t\u00e1mogat\u00e1sra \u00e9s milyen \u00f6sszegben? A csal\u00e1dt\u00f6rv\u00e9ny k\u00e9tf\u00e9le t\u00e1mogat\u00e1st k\u00fcl\u00f6nb\u00f6ztet meg, az egyiket a nem h\u00e1zas anya ...","robots":{"index":"index","follow":"follow","max-snippet":"max-snippet:-1","max-image-preview":"max-image-preview:large","max-video-preview":"max-video-preview:-1"},"canonical":"https:\/\/legilius.sk\/hu\/egyedulallo-anya-tartasi-tamogatasa\/","og_locale":"hu_HU","og_type":"article","og_title":"Egyed\u00fcl\u00e1ll\u00f3 anya tart\u00e1si t\u00e1mogat\u00e1sa | JUDr. Zuzana Tak\u00e1csov\u00e1, Advok\u00e1tka","og_description":"Ki jogosult hajadon anyai t\u00e1mogat\u00e1sra \u00e9s milyen \u00f6sszegben? A csal\u00e1dt\u00f6rv\u00e9ny k\u00e9tf\u00e9le t\u00e1mogat\u00e1st k\u00fcl\u00f6nb\u00f6ztet meg, az egyiket a nem h\u00e1zas anya ...","og_url":"https:\/\/legilius.sk\/hu\/egyedulallo-anya-tartasi-tamogatasa\/","og_site_name":"JUDr. Zuzana Tak\u00e1csov\u00e1, Advok\u00e1tka","article_published_time":"2022-05-13T08:19:17+00:00","article_modified_time":"2023-01-23T17:49:32+00:00","og_image":[{"width":1200,"height":630,"url":"https:\/\/legilius.sk\/wp-content\/uploads\/2022\/05\/prispevok-na-vyzivu-nevydatej-matky.jpg","type":"image\/jpeg"}],"author":"JUDr. Zuzana Tak\u00e1csov\u00e1","twitter_misc":{"Szerz\u0151:":"JUDr. Zuzana Tak\u00e1csov\u00e1","Becs\u00fclt olvas\u00e1si id\u0151":"4 perc"},"schema":{"@context":"https:\/\/schema.org","@graph":[{"@type":"Article","@id":"https:\/\/legilius.sk\/hu\/egyedulallo-anya-tartasi-tamogatasa\/#article","isPartOf":{"@id":"https:\/\/legilius.sk\/hu\/egyedulallo-anya-tartasi-tamogatasa\/"},"author":{"name":"JUDr. Zuzana Tak\u00e1csov\u00e1","@id":"https:\/\/legilius.sk\/#\/schema\/person\/45b9a4df4bc6643942076f2253af1044"},"headline":"Egyed\u00fcl\u00e1ll\u00f3 anya tart\u00e1si t\u00e1mogat\u00e1sa","datePublished":"2022-05-13T08:19:17+00:00","dateModified":"2023-01-23T17:49:32+00:00","mainEntityOfPage":{"@id":"https:\/\/legilius.sk\/hu\/egyedulallo-anya-tartasi-tamogatasa\/"},"wordCount":979,"commentCount":0,"publisher":{"@id":"https:\/\/legilius.sk\/#organization"},"image":{"@id":"https:\/\/legilius.sk\/hu\/egyedulallo-anya-tartasi-tamogatasa\/#primaryimage"},"thumbnailUrl":"https:\/\/legilius.sk\/wp-content\/uploads\/2022\/05\/prispevok-na-vyzivu-nevydatej-matky.jpg","articleSection":["Uncategorized @hu"],"inLanguage":"hu","potentialAction":[{"@type":"CommentAction","name":"Comment","target":["https:\/\/legilius.sk\/hu\/egyedulallo-anya-tartasi-tamogatasa\/#respond"]}]},{"@type":"WebPage","@id":"https:\/\/legilius.sk\/hu\/egyedulallo-anya-tartasi-tamogatasa\/","url":"https:\/\/legilius.sk\/hu\/egyedulallo-anya-tartasi-tamogatasa\/","name":"Egyed\u00fcl\u00e1ll\u00f3 anya tart\u00e1si t\u00e1mogat\u00e1sa | JUDr. Zuzana Tak\u00e1csov\u00e1, Advok\u00e1tka","isPartOf":{"@id":"https:\/\/legilius.sk\/#website"},"primaryImageOfPage":{"@id":"https:\/\/legilius.sk\/hu\/egyedulallo-anya-tartasi-tamogatasa\/#primaryimage"},"image":{"@id":"https:\/\/legilius.sk\/hu\/egyedulallo-anya-tartasi-tamogatasa\/#primaryimage"},"thumbnailUrl":"https:\/\/legilius.sk\/wp-content\/uploads\/2022\/05\/prispevok-na-vyzivu-nevydatej-matky.jpg","datePublished":"2022-05-13T08:19:17+00:00","dateModified":"2023-01-23T17:49:32+00:00","description":"Ki jogosult hajadon anyai t\u00e1mogat\u00e1sra \u00e9s milyen \u00f6sszegben? A csal\u00e1dt\u00f6rv\u00e9ny k\u00e9tf\u00e9le t\u00e1mogat\u00e1st k\u00fcl\u00f6nb\u00f6ztet meg, az egyiket a nem h\u00e1zas anya ...","breadcrumb":{"@id":"https:\/\/legilius.sk\/hu\/egyedulallo-anya-tartasi-tamogatasa\/#breadcrumb"},"inLanguage":"hu","potentialAction":[{"@type":"ReadAction","target":["https:\/\/legilius.sk\/hu\/egyedulallo-anya-tartasi-tamogatasa\/"]}]},{"@type":"ImageObject","inLanguage":"hu","@id":"https:\/\/legilius.sk\/hu\/egyedulallo-anya-tartasi-tamogatasa\/#primaryimage","url":"https:\/\/legilius.sk\/wp-content\/uploads\/2022\/05\/prispevok-na-vyzivu-nevydatej-matky.jpg","contentUrl":"https:\/\/legilius.sk\/wp-content\/uploads\/2022\/05\/prispevok-na-vyzivu-nevydatej-matky.jpg","width":1200,"height":630,"caption":"prispevok na vyzivu nevydatej matky"},{"@type":"BreadcrumbList","@id":"https:\/\/legilius.sk\/hu\/egyedulallo-anya-tartasi-tamogatasa\/#breadcrumb","itemListElement":[{"@type":"ListItem","position":1,"name":"Home","item":"https:\/\/legilius.sk\/hu\/"},{"@type":"ListItem","position":2,"name":"Egyed\u00fcl\u00e1ll\u00f3 anya tart\u00e1si t\u00e1mogat\u00e1sa"}]},{"@type":"WebSite","@id":"https:\/\/legilius.sk\/#website","url":"https:\/\/legilius.sk\/","name":"JUDr. Zuzana Tak\u00e1csov\u00e1, Advok\u00e1tka","description":"","publisher":{"@id":"https:\/\/legilius.sk\/#organization"},"potentialAction":[{"@type":"SearchAction","target":{"@type":"EntryPoint","urlTemplate":"https:\/\/legilius.sk\/?s={search_term_string}"},"query-input":{"@type":"PropertyValueSpecification","valueRequired":true,"valueName":"search_term_string"}}],"inLanguage":"hu"},{"@type":"Organization","@id":"https:\/\/legilius.sk\/#organization","name":"LEGILIUS","url":"https:\/\/legilius.sk\/","logo":{"@type":"ImageObject","inLanguage":"hu","@id":"https:\/\/legilius.sk\/#\/schema\/logo\/image\/","url":"https:\/\/legilius.sk\/wp-content\/uploads\/2021\/12\/legilius-logo-final.png","contentUrl":"https:\/\/legilius.sk\/wp-content\/uploads\/2021\/12\/legilius-logo-final.png","width":250,"height":77,"caption":"LEGILIUS"},"image":{"@id":"https:\/\/legilius.sk\/#\/schema\/logo\/image\/"}},{"@type":"Person","@id":"https:\/\/legilius.sk\/#\/schema\/person\/45b9a4df4bc6643942076f2253af1044","name":"JUDr. Zuzana Tak\u00e1csov\u00e1","image":{"@type":"ImageObject","inLanguage":"hu","@id":"https:\/\/legilius.sk\/#\/schema\/person\/image\/","url":"https:\/\/secure.gravatar.com\/avatar\/c38efbd933dce54b6c2973bb608b197f752db76640842d28670a13b4fe31aa2e?s=96&d=mm&r=g","contentUrl":"https:\/\/secure.gravatar.com\/avatar\/c38efbd933dce54b6c2973bb608b197f752db76640842d28670a13b4fe31aa2e?s=96&d=mm&r=g","caption":"JUDr. Zuzana Tak\u00e1csov\u00e1"},"url":"https:\/\/legilius.sk\/hu\/author\/legilius\/"}]}},"_links":{"self":[{"href":"https:\/\/legilius.sk\/hu\/wp-json\/wp\/v2\/posts\/39091","targetHints":{"allow":["GET"]}}],"collection":[{"href":"https:\/\/legilius.sk\/hu\/wp-json\/wp\/v2\/posts"}],"about":[{"href":"https:\/\/legilius.sk\/hu\/wp-json\/wp\/v2\/types\/post"}],"author":[{"embeddable":true,"href":"https:\/\/legilius.sk\/hu\/wp-json\/wp\/v2\/users\/8"}],"replies":[{"embeddable":true,"href":"https:\/\/legilius.sk\/hu\/wp-json\/wp\/v2\/comments?post=39091"}],"version-history":[{"count":4,"href":"https:\/\/legilius.sk\/hu\/wp-json\/wp\/v2\/posts\/39091\/revisions"}],"predecessor-version":[{"id":39096,"href":"https:\/\/legilius.sk\/hu\/wp-json\/wp\/v2\/posts\/39091\/revisions\/39096"}],"wp:featuredmedia":[{"embeddable":true,"href":"https:\/\/legilius.sk\/hu\/wp-json\/wp\/v2\/media\/39089"}],"wp:attachment":[{"href":"https:\/\/legilius.sk\/hu\/wp-json\/wp\/v2\/media?parent=39091"}],"wp:term":[{"taxonomy":"category","embeddable":true,"href":"https:\/\/legilius.sk\/hu\/wp-json\/wp\/v2\/categories?post=39091"},{"taxonomy":"post_tag","embeddable":true,"href":"https:\/\/legilius.sk\/hu\/wp-json\/wp\/v2\/tags?post=39091"}],"curies":[{"name":"wp","href":"https:\/\/api.w.org\/{rel}","templated":true}]}}