{"id":39119,"date":"2023-02-03T12:51:38","date_gmt":"2023-02-03T11:51:38","guid":{"rendered":"https:\/\/legilius.sk\/?p=39119\/"},"modified":"2023-02-03T12:57:02","modified_gmt":"2023-02-03T11:57:02","slug":"kozos-szemelyes-gondoskodas","status":"publish","type":"post","link":"https:\/\/legilius.sk\/hu\/kozos-szemelyes-gondoskodas\/","title":{"rendered":"K\u00f6z\u00f6s szem\u00e9lyes gondoskod\u00e1s"},"content":{"rendered":"<div class=\"post-views content-post post-39119 entry-meta load-static\">\r\n\t\t\t\t<span class=\"post-views-icon dashicons dashicons-visibility\"><\/span> <span class=\"post-views-label\"><\/span> <span class=\"post-views-count\">496<\/span>\r\n\t\t\t<\/div>\n<p>&nbsp;<\/p>\n<hr \/>\n<p>&nbsp;<\/p>\n<p>2023.01.01-i hat\u00e1llyal a kiskor\u00fa gyermekek ell\u00e1t\u00e1s\u00e1nak \u00faj jogi form\u00e1ja vlett bevezette jogrendszer\u00fcnkbe, a k\u00f6z\u00f6s szem\u00e9lyes gondoskod\u00e1st.<\/p>\n<p><strong>Mik a felt\u00e9telek? <\/strong><\/p>\n<ol>\n<li>Mindk\u00e9t sz\u00fcl\u0151 \u00e9rdekl\u0151dik egy ilyen gondoz\u00e1si forma ir\u00e1nt, \u00e9s egyet\u00e9rt vele;<\/li>\n<li>Mindk\u00e9t sz\u00fcl\u0151 k\u00e9pes a gyermek nevel\u00e9s\u00e9re;<\/li>\n<li>A gyermek \u00e9rdeke \u00e9s \u00edgy a gyermek sz\u00fcks\u00e9gletei biztos\u00edtva vannak.<\/li>\n<\/ol>\n<p>Mindig a gyermek \u00e9rdeke \u00e9s a sz\u00fcks\u00e9gletei \u00e1llnak az els\u0151 helyen, amikor a b\u00edr\u00f3s\u00e1g d\u00f6nt a kiskor\u00fa gyermekek gondoz\u00e1s\u00e1r\u00f3l, a b\u00edr\u00f3s\u00e1g figyelembe veszi pl. a gyermek saj\u00e1t v\u00e9lem\u00e9ny\u00e9t, a gyermek eddigi gondoz\u00e1s\u00e1t, a sz\u00fcl\u0151k h\u00e1ztart\u00e1s\u00e1ban fenn\u00e1ll\u00f3 k\u00f6r\u00fclm\u00e9nyeket, az eg\u00e9szs\u00e9gi \u00e1llapot\u00e1t, testi-lelki fejl\u0151d\u00e9s\u00e9vel kapcsolatos k\u00f6r\u00fclm\u00e9nyeket, stb. Ez azt jelenti, hogy ha a sz\u00fcl\u0151k \u00e9rdekl\u0151dnek e gondoz\u00e1si forma ir\u00e1nt, beleegyeznek, \u00e9s k\u00e9pesek a gyermek nevel\u00e9s\u00e9re, a b\u00edr\u00f3s\u00e1gnak nem k\u00f6telez\u0151 a gyermeket a sz\u00fcl\u0151k k\u00f6z\u00f6s szem\u00e9lyes gondoskod\u00e1s\u00e1ra b\u00edznia, ha ez a megb\u00edz\u00e1s nem a kiskor\u00fa gyermek \u00e9rdeke.<\/p>\n<p>A v\u00e1ltakoz\u00f3 szem\u00e9lyes gondoskod\u00e1st\u00f3l elt\u00e9r\u0151en <strong>mindk\u00e9t sz\u00fcl\u0151 beleegyez\u00e9se<\/strong> sz\u00fcks\u00e9ges ezen gondoz\u00e1si forma j\u00f3v\u00e1hagy\u00e1s\u00e1hoz. A megfelel\u0151 teljes\u00edtm\u00e9ny felt\u00e9tele a sz\u00fcl\u0151k j\u00f3 kommunik\u00e1ci\u00f3ja \u00e9s egy\u00fcttm\u0171k\u00f6d\u00e9se. Ebben az esetben a b\u00edr\u00f3s\u00e1gnak nem kell meghat\u00e1roznia, hogy a gyermeket melyik sz\u00fcl\u0151re b\u00edzza szem\u00e9lyes gondoskod\u00e1ssal, ki k\u00e9pviseli \u00e9s kezeli vagyon\u00e1t, \u00e9s a m\u00e1sik sz\u00fcl\u0151 hogyan j\u00e1ruljon hozz\u00e1 a gyermek eltart\u00e1s\u00e1hoz; el\u00e9g lehet neki a sz\u00fcl\u0151k egyet\u00e9rt\u00e9se ezzel a gondoz\u00e1si form\u00e1val.<\/p>\n<p><strong>Az \u00e9rvek \u00e9s ellen\u00e9rvek <\/strong><\/p>\n<p>Ennek az ell\u00e1t\u00e1si form\u00e1nak a f\u0151 el\u0151nye egyben a f\u0151 h\u00e1tr\u00e1nya is. Mindk\u00e9t sz\u00fcl\u0151nek &#8222;egyenl\u0151 joga&#8221; van a gyermekhez, de nincsenek meghat\u00e1rozott id\u0151szakok, amikor a gyermeknek az egyik sz\u00fcl\u0151vel kell lennie (mint p\u00e9ld\u00e1ul a v\u00e1ltakoz\u00f3 gondoz\u00e1s eset\u00e9n, amikor kiskor\u00fa gyermek rendszerint hetente felv\u00e1ltva van az egyik, majd a m\u00e1sik sz\u00fcl\u0151vel, illetve kiz\u00e1r\u00f3lagos szem\u00e9lyes gondoskod\u00e1s eset\u00e9n a\u00a0gyermek az egyik sz\u00fcl\u0151vel van, \u00e9s rendszerint meghat\u00e1rozz\u00e1k a kiskor\u00fa gyermek kapcsolat\u00e1t a m\u00e1sik sz\u00fcl\u0151vel). A gyermekgondoz\u00e1s t\u00e9nyleges ell\u00e1t\u00e1sa teh\u00e1t a sz\u00fcl\u0151k megbesz\u00e9l\u00e9s\u00e9n m\u00falik. A fent eml\u00edtett helyzet tal\u00e1n legink\u00e1bb azon v\u00e1l\u00f3f\u00e9lben l\u00e9v\u0151 h\u00e1zast\u00e1rsak eset\u00e9ben k\u00e9pzelhet\u0151 el, akik azonban a v\u00e1l\u00e1st k\u00f6vet\u0151en bizonyos ideig k\u00f6z\u00f6s h\u00e1ztart\u00e1sban k\u00edv\u00e1nnak \u00e9lni, ill. ha kicsi a\u00a0t\u00e1vols\u00e1g a lak\u00f3helyeik k\u00f6z\u00f6tt. H\u00e1tr\u00e1nya, hogy ha az egyik sz\u00fcl\u0151 felhagy a m\u00e1sik sz\u00fcl\u0151 sz\u00fcl\u0151i jogainak tiszteletben tart\u00e1s\u00e1val, \u00e9s p\u00e9ld\u00e1ul korl\u00e1tozza a m\u00e1sik sz\u00fcl\u0151 kapcsolat\u00e1t a gyermekkel, akkor a m\u00e1sik sz\u00fcl\u0151nek nincs pontosan meghat\u00e1rozott id\u0151pontja, amit k\u00f6vetelhet.<\/p>\n<p>&nbsp;<\/p>\n<div class='bootstrap-yop yop-poll-mc'>\n\t\t\t\t\t\t\t<div class=\"basic-yop-poll-container\" style=\"background-color:#ffffff; border:0px; border-style:solid; border-color:#000000; border-radius:5px; padding:10px 10px;\" data-id=\"29\" data-temp=\"basic\" data-skin=\"minimal\" data-cscheme=\"black\" data-cap=\"4\" data-access=\"guest\" data-tid=\"\" data-uid=\"ff68fda5bf5804d0c5f3e7cee9509b01\" data-pid=\"39119\" data-resdet=\"votes-number,percentages\" data-show-results-to=\"guest,registered\" data-show-results-moment=\"before-vote\" data-show-results-only=\"false\" data-show-message=\"true\" data-show-results-as=\"bar\" data-sort-results-by=\"number-of-votes\" data-sort-results-rule=\"asc\"data-is-ended=\"0\" data-gdpr=\"no\" data-gdpr-sol=\"consent\" data-css=\".basic-yop-poll-container[data-uid] .basic-vote {\n\t\t\t\t\t\t\t\t\ttext-align: center;\n\t\t\t\t\t\t\t\t}\n\n\/*tlacitko*\/\na.button.basic-vote-button {\nmargin-top: 20px;\nbackground: #c1b3af!Important;\ncolor: black!Important;\ntransition: all 0.3s ease-out;\n}\na.button.basic-vote-button:hover {\nmargin-top: 20px;\nbackground: #695853!Important;\ncolor: #c1b3af!Important;\n}\n\n\/*zmena farby grafu hodnotenia*\/\n.progress-bar.six-sec-ease-in-out {\n    background: #ffc70a!Important;\n}\n\n\/*odpoved*\/\nli.basic-answer.col-xs-6.col-sm-6.col-md-6 {\n    margin-left: -15px;\n}\n\" data-counter=\"0\" data-load-with=\"1\" data-notification-section=\"top\"><div class=\"row\"><div class=\"col-md-12\"><div class=\"basic-inner\"><div class=\"basic-message hide\" style=\"border-left: 10px solid #ffc70a; padding: 0px 10px;\" data-error=\"#ff0000\" data-success=\"#ffc70a\"><p class=\"basic-message-text\" style=\"color:#000000; font-size:18px; font-weight:normal;\"><\/p><\/div><div class=\"basic-overlay hide\"><div class=\"basic-vote-options\"><\/div><div class=\"basic-preloader\"><div class=\"basic-windows8\"><div class=\"basic-wBall basic-wBall_1\"><div class=\"basic-wInnerBall\"><\/div><\/div><div class=\"basic-wBall basic-wBall_2\"><div class=\"basic-wInnerBall\"><\/div><\/div><div class=\"basic-wBall basic-wBall_3\"><div class=\"basic-wInnerBall\"><\/div><\/div><div class=\"basic-wBall basic-wBall_4\"><div class=\"basic-wInnerBall\"><\/div><\/div><div class=\"basic-wBall basic-wBall_5\"><div class=\"basic-wInnerBall\"><\/div><\/div><\/div><\/div><\/div><form class=\"basic-form\"><input type=\"hidden\" name=\"_token\" value=\"be634e9f4f\" autocomplete=\"off\"><div class=\"basic-elements\"><div class=\"basic-element basic-question basic-question-text-horizontal\" data-id=\"29\" data-uid=\"74e341a1700108018ac346723afa031a\" data-type=\"question\" data-question-type=\"text\" data-allow-multiple=\"no\" data-min=\"1\" data-max=\"1\" data-display=\"horizontal\" data-colnum=\"\" data-display-others=\"no\" data-others-color=\"\" data-others=\"\"><div role=\"heading\" aria-level=\"5\" class=\"basic-question-title\" style=\"color:#000000; font-size:18px; font-weight:bold; text-align:left;\">Hasznos volt ez a cikk?<\/div><ul class=\"basic-answers basic-h-answers\"><li class=\"basic-answer col-xs-6 col-sm-6 col-md-6\" style=\"padding:0px 0px;\" data-id=\"57\" data-type=\"text\" data-vn=\"0\" data-color=\"#000000\" data-make-link=\"no\" data-link=\"\"><div class=\"basic-answer-content basic-text-horizontal\"><label for=\"answer[57]\" class=\"basic-answer-label\"><input type=\"radio\" id=\"answer[57]\" name=\"answer[29]\" value=\"57\" autocomplete=\"off\"><span class=\"basic-text\" style=\"color: #000000; font-size: 18px; font-weight: normal;\" tabindex=\"0\">Igen<\/span><\/label><\/div><\/li><li class=\"basic-answer col-xs-6 col-sm-6 col-md-6\" style=\"padding:0px 0px;\" data-id=\"58\" data-type=\"text\" data-vn=\"0\" data-color=\"#000000\" data-make-link=\"no\" data-link=\"\"><div class=\"basic-answer-content basic-text-horizontal\"><label for=\"answer[58]\" class=\"basic-answer-label\"><input type=\"radio\" id=\"answer[58]\" name=\"answer[29]\" value=\"58\" autocomplete=\"off\"><span class=\"basic-text\" style=\"color: #000000; font-size: 18px; font-weight: normal;\" tabindex=\"0\">Nem<\/span><\/label><\/div><\/li><\/ul><\/div><div class=\"clearfix\"><\/div><\/div><div id=\"yop-poll-captcha-ff68fda5bf5804d0c5f3e7cee9509b01\" class=\"basic-captcha\"><\/div><div class=\"basic-vote\"><a href=\"#\" class=\"button basic-vote-button\" role=\"button\" style=\"background:#19234e; border:1px; border-style: solid; border-color:#000000; border-radius:3px; padding:10px 30px; color:#ffffff; font-size:21px; font-weight:normal;\">Szavaz\u00e1s<\/a><\/div><\/form><\/div><\/div><\/div><\/div>\n\t\t\t\t\t\t<\/div>\n","protected":false},"excerpt":{"rendered":"<p>&nbsp; &nbsp; 2023.01.01-i hat\u00e1llyal a kiskor\u00fa gyermekek ell\u00e1t\u00e1s\u00e1nak \u00faj jogi form\u00e1ja vlett bevezette jogrendszer\u00fcnkbe, a k\u00f6z\u00f6s szem\u00e9lyes gondoskod\u00e1st. Mik a felt\u00e9telek? Mindk\u00e9t sz\u00fcl\u0151 \u00e9rdekl\u0151dik egy ilyen gondoz\u00e1si forma ir\u00e1nt, \u00e9s egyet\u00e9rt vele; Mindk\u00e9t sz\u00fcl\u0151 k\u00e9pes a gyermek nevel\u00e9s\u00e9re; A gyermek \u00e9rdeke \u00e9s \u00edgy a gyermek sz\u00fcks\u00e9gletei biztos\u00edtva vannak. Mindig a gyermek \u00e9rdeke \u00e9s a sz\u00fcks\u00e9gletei [&hellip;]<\/p>\n","protected":false},"author":8,"featured_media":39113,"comment_status":"open","ping_status":"closed","sticky":false,"template":"","format":"standard","meta":{"_et_pb_use_builder":"","_et_pb_old_content":"","_et_gb_content_width":"","footnotes":""},"categories":[53],"tags":[],"class_list":["post-39119","post","type-post","status-publish","format-standard","has-post-thumbnail","hentry","category-uncategorized-hu"],"yoast_head":"<!-- This site is optimized with the Yoast SEO plugin v27.0 - https:\/\/yoast.com\/product\/yoast-seo-wordpress\/ -->\n<title>K\u00f6z\u00f6s szem\u00e9lyes gondoskod\u00e1s | JUDr. Zuzana Tak\u00e1csov\u00e1, Advok\u00e1tka<\/title>\n<meta name=\"description\" content=\"2023.01.01-i hat\u00e1llyal a kiskor\u00fa gyermekek ell\u00e1t\u00e1s\u00e1nak \u00faj jogi form\u00e1ja vlett bevezette jogrendszer\u00fcnkbe, a k\u00f6z\u00f6s szem\u00e9lyes gondoskod\u00e1st.\" \/>\n<meta name=\"robots\" content=\"index, follow, max-snippet:-1, max-image-preview:large, max-video-preview:-1\" \/>\n<link rel=\"canonical\" href=\"https:\/\/legilius.sk\/hu\/kozos-szemelyes-gondoskodas\/\" \/>\n<meta property=\"og:locale\" content=\"hu_HU\" \/>\n<meta property=\"og:type\" content=\"article\" \/>\n<meta property=\"og:title\" content=\"K\u00f6z\u00f6s szem\u00e9lyes gondoskod\u00e1s | JUDr. Zuzana Tak\u00e1csov\u00e1, Advok\u00e1tka\" \/>\n<meta property=\"og:description\" content=\"2023.01.01-i hat\u00e1llyal a kiskor\u00fa gyermekek ell\u00e1t\u00e1s\u00e1nak \u00faj jogi form\u00e1ja vlett bevezette jogrendszer\u00fcnkbe, a k\u00f6z\u00f6s szem\u00e9lyes gondoskod\u00e1st.\" \/>\n<meta property=\"og:url\" content=\"https:\/\/legilius.sk\/hu\/kozos-szemelyes-gondoskodas\/\" \/>\n<meta property=\"og:site_name\" content=\"JUDr. Zuzana Tak\u00e1csov\u00e1, Advok\u00e1tka\" \/>\n<meta property=\"article:published_time\" content=\"2023-02-03T11:51:38+00:00\" \/>\n<meta property=\"article:modified_time\" content=\"2023-02-03T11:57:02+00:00\" \/>\n<meta property=\"og:image\" content=\"https:\/\/legilius.sk\/wp-content\/uploads\/2023\/02\/legilius-spolocna-osobna-starostlivost.jpg\" \/>\n\t<meta property=\"og:image:width\" content=\"800\" \/>\n\t<meta property=\"og:image:height\" content=\"459\" \/>\n\t<meta property=\"og:image:type\" content=\"image\/jpeg\" \/>\n<meta name=\"author\" content=\"JUDr. Zuzana Tak\u00e1csov\u00e1\" \/>\n<meta name=\"twitter:label1\" content=\"Szerz\u0151:\" \/>\n\t<meta name=\"twitter:data1\" content=\"JUDr. Zuzana Tak\u00e1csov\u00e1\" \/>\n\t<meta name=\"twitter:label2\" content=\"Becs\u00fclt olvas\u00e1si id\u0151\" \/>\n\t<meta name=\"twitter:data2\" content=\"2 perc\" \/>\n<script type=\"application\/ld+json\" class=\"yoast-schema-graph\">{\"@context\":\"https:\/\/schema.org\",\"@graph\":[{\"@type\":\"Article\",\"@id\":\"https:\/\/legilius.sk\/hu\/kozos-szemelyes-gondoskodas\/#article\",\"isPartOf\":{\"@id\":\"https:\/\/legilius.sk\/hu\/kozos-szemelyes-gondoskodas\/\"},\"author\":{\"name\":\"JUDr. Zuzana Tak\u00e1csov\u00e1\",\"@id\":\"https:\/\/legilius.sk\/#\/schema\/person\/45b9a4df4bc6643942076f2253af1044\"},\"headline\":\"K\u00f6z\u00f6s szem\u00e9lyes gondoskod\u00e1s\",\"datePublished\":\"2023-02-03T11:51:38+00:00\",\"dateModified\":\"2023-02-03T11:57:02+00:00\",\"mainEntityOfPage\":{\"@id\":\"https:\/\/legilius.sk\/hu\/kozos-szemelyes-gondoskodas\/\"},\"wordCount\":584,\"commentCount\":0,\"publisher\":{\"@id\":\"https:\/\/legilius.sk\/#organization\"},\"image\":{\"@id\":\"https:\/\/legilius.sk\/hu\/kozos-szemelyes-gondoskodas\/#primaryimage\"},\"thumbnailUrl\":\"https:\/\/legilius.sk\/wp-content\/uploads\/2023\/02\/legilius-spolocna-osobna-starostlivost.jpg\",\"articleSection\":[\"Uncategorized @hu\"],\"inLanguage\":\"hu\",\"potentialAction\":[{\"@type\":\"CommentAction\",\"name\":\"Comment\",\"target\":[\"https:\/\/legilius.sk\/hu\/kozos-szemelyes-gondoskodas\/#respond\"]}]},{\"@type\":\"WebPage\",\"@id\":\"https:\/\/legilius.sk\/hu\/kozos-szemelyes-gondoskodas\/\",\"url\":\"https:\/\/legilius.sk\/hu\/kozos-szemelyes-gondoskodas\/\",\"name\":\"K\u00f6z\u00f6s szem\u00e9lyes gondoskod\u00e1s | JUDr. Zuzana Tak\u00e1csov\u00e1, Advok\u00e1tka\",\"isPartOf\":{\"@id\":\"https:\/\/legilius.sk\/#website\"},\"primaryImageOfPage\":{\"@id\":\"https:\/\/legilius.sk\/hu\/kozos-szemelyes-gondoskodas\/#primaryimage\"},\"image\":{\"@id\":\"https:\/\/legilius.sk\/hu\/kozos-szemelyes-gondoskodas\/#primaryimage\"},\"thumbnailUrl\":\"https:\/\/legilius.sk\/wp-content\/uploads\/2023\/02\/legilius-spolocna-osobna-starostlivost.jpg\",\"datePublished\":\"2023-02-03T11:51:38+00:00\",\"dateModified\":\"2023-02-03T11:57:02+00:00\",\"description\":\"2023.01.01-i hat\u00e1llyal a kiskor\u00fa gyermekek ell\u00e1t\u00e1s\u00e1nak \u00faj jogi form\u00e1ja vlett bevezette jogrendszer\u00fcnkbe, a k\u00f6z\u00f6s szem\u00e9lyes gondoskod\u00e1st.\",\"breadcrumb\":{\"@id\":\"https:\/\/legilius.sk\/hu\/kozos-szemelyes-gondoskodas\/#breadcrumb\"},\"inLanguage\":\"hu\",\"potentialAction\":[{\"@type\":\"ReadAction\",\"target\":[\"https:\/\/legilius.sk\/hu\/kozos-szemelyes-gondoskodas\/\"]}]},{\"@type\":\"ImageObject\",\"inLanguage\":\"hu\",\"@id\":\"https:\/\/legilius.sk\/hu\/kozos-szemelyes-gondoskodas\/#primaryimage\",\"url\":\"https:\/\/legilius.sk\/wp-content\/uploads\/2023\/02\/legilius-spolocna-osobna-starostlivost.jpg\",\"contentUrl\":\"https:\/\/legilius.sk\/wp-content\/uploads\/2023\/02\/legilius-spolocna-osobna-starostlivost.jpg\",\"width\":800,\"height\":459,\"caption\":\"legilius spolocna osobna starostlivost\"},{\"@type\":\"BreadcrumbList\",\"@id\":\"https:\/\/legilius.sk\/hu\/kozos-szemelyes-gondoskodas\/#breadcrumb\",\"itemListElement\":[{\"@type\":\"ListItem\",\"position\":1,\"name\":\"Home\",\"item\":\"https:\/\/legilius.sk\/hu\/\"},{\"@type\":\"ListItem\",\"position\":2,\"name\":\"K\u00f6z\u00f6s szem\u00e9lyes gondoskod\u00e1s\"}]},{\"@type\":\"WebSite\",\"@id\":\"https:\/\/legilius.sk\/#website\",\"url\":\"https:\/\/legilius.sk\/\",\"name\":\"JUDr. Zuzana Tak\u00e1csov\u00e1, Advok\u00e1tka\",\"description\":\"\",\"publisher\":{\"@id\":\"https:\/\/legilius.sk\/#organization\"},\"potentialAction\":[{\"@type\":\"SearchAction\",\"target\":{\"@type\":\"EntryPoint\",\"urlTemplate\":\"https:\/\/legilius.sk\/?s={search_term_string}\"},\"query-input\":{\"@type\":\"PropertyValueSpecification\",\"valueRequired\":true,\"valueName\":\"search_term_string\"}}],\"inLanguage\":\"hu\"},{\"@type\":\"Organization\",\"@id\":\"https:\/\/legilius.sk\/#organization\",\"name\":\"LEGILIUS\",\"url\":\"https:\/\/legilius.sk\/\",\"logo\":{\"@type\":\"ImageObject\",\"inLanguage\":\"hu\",\"@id\":\"https:\/\/legilius.sk\/#\/schema\/logo\/image\/\",\"url\":\"https:\/\/legilius.sk\/wp-content\/uploads\/2021\/12\/legilius-logo-final.png\",\"contentUrl\":\"https:\/\/legilius.sk\/wp-content\/uploads\/2021\/12\/legilius-logo-final.png\",\"width\":250,\"height\":77,\"caption\":\"LEGILIUS\"},\"image\":{\"@id\":\"https:\/\/legilius.sk\/#\/schema\/logo\/image\/\"}},{\"@type\":\"Person\",\"@id\":\"https:\/\/legilius.sk\/#\/schema\/person\/45b9a4df4bc6643942076f2253af1044\",\"name\":\"JUDr. Zuzana Tak\u00e1csov\u00e1\",\"image\":{\"@type\":\"ImageObject\",\"inLanguage\":\"hu\",\"@id\":\"https:\/\/legilius.sk\/#\/schema\/person\/image\/\",\"url\":\"https:\/\/secure.gravatar.com\/avatar\/c38efbd933dce54b6c2973bb608b197f752db76640842d28670a13b4fe31aa2e?s=96&d=mm&r=g\",\"contentUrl\":\"https:\/\/secure.gravatar.com\/avatar\/c38efbd933dce54b6c2973bb608b197f752db76640842d28670a13b4fe31aa2e?s=96&d=mm&r=g\",\"caption\":\"JUDr. Zuzana Tak\u00e1csov\u00e1\"},\"url\":\"https:\/\/legilius.sk\/hu\/author\/legilius\/\"}]}<\/script>\n<!-- \/ Yoast SEO plugin. -->","yoast_head_json":{"title":"K\u00f6z\u00f6s szem\u00e9lyes gondoskod\u00e1s | JUDr. Zuzana Tak\u00e1csov\u00e1, Advok\u00e1tka","description":"2023.01.01-i hat\u00e1llyal a kiskor\u00fa gyermekek ell\u00e1t\u00e1s\u00e1nak \u00faj jogi form\u00e1ja vlett bevezette jogrendszer\u00fcnkbe, a k\u00f6z\u00f6s szem\u00e9lyes gondoskod\u00e1st.","robots":{"index":"index","follow":"follow","max-snippet":"max-snippet:-1","max-image-preview":"max-image-preview:large","max-video-preview":"max-video-preview:-1"},"canonical":"https:\/\/legilius.sk\/hu\/kozos-szemelyes-gondoskodas\/","og_locale":"hu_HU","og_type":"article","og_title":"K\u00f6z\u00f6s szem\u00e9lyes gondoskod\u00e1s | JUDr. Zuzana Tak\u00e1csov\u00e1, Advok\u00e1tka","og_description":"2023.01.01-i hat\u00e1llyal a kiskor\u00fa gyermekek ell\u00e1t\u00e1s\u00e1nak \u00faj jogi form\u00e1ja vlett bevezette jogrendszer\u00fcnkbe, a k\u00f6z\u00f6s szem\u00e9lyes gondoskod\u00e1st.","og_url":"https:\/\/legilius.sk\/hu\/kozos-szemelyes-gondoskodas\/","og_site_name":"JUDr. Zuzana Tak\u00e1csov\u00e1, Advok\u00e1tka","article_published_time":"2023-02-03T11:51:38+00:00","article_modified_time":"2023-02-03T11:57:02+00:00","og_image":[{"width":800,"height":459,"url":"https:\/\/legilius.sk\/wp-content\/uploads\/2023\/02\/legilius-spolocna-osobna-starostlivost.jpg","type":"image\/jpeg"}],"author":"JUDr. Zuzana Tak\u00e1csov\u00e1","twitter_misc":{"Szerz\u0151:":"JUDr. Zuzana Tak\u00e1csov\u00e1","Becs\u00fclt olvas\u00e1si id\u0151":"2 perc"},"schema":{"@context":"https:\/\/schema.org","@graph":[{"@type":"Article","@id":"https:\/\/legilius.sk\/hu\/kozos-szemelyes-gondoskodas\/#article","isPartOf":{"@id":"https:\/\/legilius.sk\/hu\/kozos-szemelyes-gondoskodas\/"},"author":{"name":"JUDr. Zuzana Tak\u00e1csov\u00e1","@id":"https:\/\/legilius.sk\/#\/schema\/person\/45b9a4df4bc6643942076f2253af1044"},"headline":"K\u00f6z\u00f6s szem\u00e9lyes gondoskod\u00e1s","datePublished":"2023-02-03T11:51:38+00:00","dateModified":"2023-02-03T11:57:02+00:00","mainEntityOfPage":{"@id":"https:\/\/legilius.sk\/hu\/kozos-szemelyes-gondoskodas\/"},"wordCount":584,"commentCount":0,"publisher":{"@id":"https:\/\/legilius.sk\/#organization"},"image":{"@id":"https:\/\/legilius.sk\/hu\/kozos-szemelyes-gondoskodas\/#primaryimage"},"thumbnailUrl":"https:\/\/legilius.sk\/wp-content\/uploads\/2023\/02\/legilius-spolocna-osobna-starostlivost.jpg","articleSection":["Uncategorized @hu"],"inLanguage":"hu","potentialAction":[{"@type":"CommentAction","name":"Comment","target":["https:\/\/legilius.sk\/hu\/kozos-szemelyes-gondoskodas\/#respond"]}]},{"@type":"WebPage","@id":"https:\/\/legilius.sk\/hu\/kozos-szemelyes-gondoskodas\/","url":"https:\/\/legilius.sk\/hu\/kozos-szemelyes-gondoskodas\/","name":"K\u00f6z\u00f6s szem\u00e9lyes gondoskod\u00e1s | JUDr. Zuzana Tak\u00e1csov\u00e1, Advok\u00e1tka","isPartOf":{"@id":"https:\/\/legilius.sk\/#website"},"primaryImageOfPage":{"@id":"https:\/\/legilius.sk\/hu\/kozos-szemelyes-gondoskodas\/#primaryimage"},"image":{"@id":"https:\/\/legilius.sk\/hu\/kozos-szemelyes-gondoskodas\/#primaryimage"},"thumbnailUrl":"https:\/\/legilius.sk\/wp-content\/uploads\/2023\/02\/legilius-spolocna-osobna-starostlivost.jpg","datePublished":"2023-02-03T11:51:38+00:00","dateModified":"2023-02-03T11:57:02+00:00","description":"2023.01.01-i hat\u00e1llyal a kiskor\u00fa gyermekek ell\u00e1t\u00e1s\u00e1nak \u00faj jogi form\u00e1ja vlett bevezette jogrendszer\u00fcnkbe, a k\u00f6z\u00f6s szem\u00e9lyes gondoskod\u00e1st.","breadcrumb":{"@id":"https:\/\/legilius.sk\/hu\/kozos-szemelyes-gondoskodas\/#breadcrumb"},"inLanguage":"hu","potentialAction":[{"@type":"ReadAction","target":["https:\/\/legilius.sk\/hu\/kozos-szemelyes-gondoskodas\/"]}]},{"@type":"ImageObject","inLanguage":"hu","@id":"https:\/\/legilius.sk\/hu\/kozos-szemelyes-gondoskodas\/#primaryimage","url":"https:\/\/legilius.sk\/wp-content\/uploads\/2023\/02\/legilius-spolocna-osobna-starostlivost.jpg","contentUrl":"https:\/\/legilius.sk\/wp-content\/uploads\/2023\/02\/legilius-spolocna-osobna-starostlivost.jpg","width":800,"height":459,"caption":"legilius spolocna osobna starostlivost"},{"@type":"BreadcrumbList","@id":"https:\/\/legilius.sk\/hu\/kozos-szemelyes-gondoskodas\/#breadcrumb","itemListElement":[{"@type":"ListItem","position":1,"name":"Home","item":"https:\/\/legilius.sk\/hu\/"},{"@type":"ListItem","position":2,"name":"K\u00f6z\u00f6s szem\u00e9lyes gondoskod\u00e1s"}]},{"@type":"WebSite","@id":"https:\/\/legilius.sk\/#website","url":"https:\/\/legilius.sk\/","name":"JUDr. Zuzana Tak\u00e1csov\u00e1, Advok\u00e1tka","description":"","publisher":{"@id":"https:\/\/legilius.sk\/#organization"},"potentialAction":[{"@type":"SearchAction","target":{"@type":"EntryPoint","urlTemplate":"https:\/\/legilius.sk\/?s={search_term_string}"},"query-input":{"@type":"PropertyValueSpecification","valueRequired":true,"valueName":"search_term_string"}}],"inLanguage":"hu"},{"@type":"Organization","@id":"https:\/\/legilius.sk\/#organization","name":"LEGILIUS","url":"https:\/\/legilius.sk\/","logo":{"@type":"ImageObject","inLanguage":"hu","@id":"https:\/\/legilius.sk\/#\/schema\/logo\/image\/","url":"https:\/\/legilius.sk\/wp-content\/uploads\/2021\/12\/legilius-logo-final.png","contentUrl":"https:\/\/legilius.sk\/wp-content\/uploads\/2021\/12\/legilius-logo-final.png","width":250,"height":77,"caption":"LEGILIUS"},"image":{"@id":"https:\/\/legilius.sk\/#\/schema\/logo\/image\/"}},{"@type":"Person","@id":"https:\/\/legilius.sk\/#\/schema\/person\/45b9a4df4bc6643942076f2253af1044","name":"JUDr. Zuzana Tak\u00e1csov\u00e1","image":{"@type":"ImageObject","inLanguage":"hu","@id":"https:\/\/legilius.sk\/#\/schema\/person\/image\/","url":"https:\/\/secure.gravatar.com\/avatar\/c38efbd933dce54b6c2973bb608b197f752db76640842d28670a13b4fe31aa2e?s=96&d=mm&r=g","contentUrl":"https:\/\/secure.gravatar.com\/avatar\/c38efbd933dce54b6c2973bb608b197f752db76640842d28670a13b4fe31aa2e?s=96&d=mm&r=g","caption":"JUDr. Zuzana Tak\u00e1csov\u00e1"},"url":"https:\/\/legilius.sk\/hu\/author\/legilius\/"}]}},"_links":{"self":[{"href":"https:\/\/legilius.sk\/hu\/wp-json\/wp\/v2\/posts\/39119","targetHints":{"allow":["GET"]}}],"collection":[{"href":"https:\/\/legilius.sk\/hu\/wp-json\/wp\/v2\/posts"}],"about":[{"href":"https:\/\/legilius.sk\/hu\/wp-json\/wp\/v2\/types\/post"}],"author":[{"embeddable":true,"href":"https:\/\/legilius.sk\/hu\/wp-json\/wp\/v2\/users\/8"}],"replies":[{"embeddable":true,"href":"https:\/\/legilius.sk\/hu\/wp-json\/wp\/v2\/comments?post=39119"}],"version-history":[{"count":2,"href":"https:\/\/legilius.sk\/hu\/wp-json\/wp\/v2\/posts\/39119\/revisions"}],"predecessor-version":[{"id":39121,"href":"https:\/\/legilius.sk\/hu\/wp-json\/wp\/v2\/posts\/39119\/revisions\/39121"}],"wp:featuredmedia":[{"embeddable":true,"href":"https:\/\/legilius.sk\/hu\/wp-json\/wp\/v2\/media\/39113"}],"wp:attachment":[{"href":"https:\/\/legilius.sk\/hu\/wp-json\/wp\/v2\/media?parent=39119"}],"wp:term":[{"taxonomy":"category","embeddable":true,"href":"https:\/\/legilius.sk\/hu\/wp-json\/wp\/v2\/categories?post=39119"},{"taxonomy":"post_tag","embeddable":true,"href":"https:\/\/legilius.sk\/hu\/wp-json\/wp\/v2\/tags?post=39119"}],"curies":[{"name":"wp","href":"https:\/\/api.w.org\/{rel}","templated":true}]}}