{"id":39253,"date":"2025-11-12T10:14:26","date_gmt":"2025-11-12T09:14:26","guid":{"rendered":"https:\/\/legilius.sk\/?p=39253"},"modified":"2025-11-12T10:28:40","modified_gmt":"2025-11-12T09:28:40","slug":"uj-kft-alapitasa-vagy-ready-made-kft-vasarlasa-osszehasonlitas-vallalkozok-szamara","status":"publish","type":"post","link":"https:\/\/legilius.sk\/hu\/uj-kft-alapitasa-vagy-ready-made-kft-vasarlasa-osszehasonlitas-vallalkozok-szamara\/","title":{"rendered":"\u00daj kft. alap\u00edt\u00e1sa vagy ready-made kft. v\u00e1s\u00e1rl\u00e1sa: \u00d6sszehasonl\u00edt\u00e1s v\u00e1llalkoz\u00f3k sz\u00e1m\u00e1ra"},"content":{"rendered":"<div class=\"post-views content-post post-39253 entry-meta load-static\">\r\n\t\t\t\t<span class=\"post-views-icon dashicons dashicons-visibility\"><\/span> <span class=\"post-views-label\"><\/span> <span class=\"post-views-count\">36<\/span>\r\n\t\t\t<\/div>\n<p>&nbsp;<\/p>\n<hr \/>\n<p>&nbsp;<\/p>\n<p><span style=\"font-family: arial, helvetica, sans-serif; font-size: 12pt; color: #000000;\">A korl\u00e1tolt felel\u0151ss\u00e9g\u0171 t\u00e1rsas\u00e1g (kft.) alap\u00edt\u00e1s\u00e1val a j\u00f6v\u0151beli v\u00e1llalkoz\u00f3 el\u0151tt fontos d\u00f6nt\u00e9s \u00e1ll: <strong>\u00faj kft.-t alap\u00edtson<\/strong>, vagy <strong>megl\u00e9v\u0151 ready-made kft.-t v\u00e1s\u00e1roljon<\/strong>. Mindk\u00e9t lehet\u0151s\u00e9gnek megvannak az el\u0151nyei \u00e9s h\u00e1tr\u00e1nyai, \u00e9s a v\u00e1laszt\u00e1s az \u00d6n konkr\u00e9t helyzet\u00e9t\u0151l, id\u0151beli lehet\u0151s\u00e9geit\u0151l \u00e9s p\u00e9nz\u00fcgyi priorit\u00e1sait\u00f3l f\u00fcgg.<\/span><\/p>\n<p><span style=\"font-family: arial, helvetica, sans-serif; font-size: 12pt; color: #000000;\"><strong>Mi az a ready-made kft.?<\/strong><\/span><\/p>\n<p><span style=\"font-family: arial, helvetica, sans-serif; font-size: 12pt; color: #000000;\">A ready-made kft. egy olyan \u00fajonnan alap\u00edtott t\u00e1rsas\u00e1g, amelyet kiz\u00e1r\u00f3lag tov\u00e1bb\u00e9rt\u00e9kes\u00edt\u00e9si c\u00e9llal hoztak l\u00e9tre. Ez egy \u201etiszta\u201d c\u00e9g, amelynek nincs gazdas\u00e1gi m\u00faltja, soha nem folytatott \u00fczleti tev\u00e9kenys\u00e9get, nincsenek tartoz\u00e1sai, k\u00f6vetel\u00e9sei, szerz\u0151d\u00e9sei vagy alkalmazottai. A t\u00e1rsas\u00e1g m\u00e1r be van jegyezve a c\u00e9gnyilv\u00e1ntart\u00e1sba \u00e9s a v\u00e1llalkoz\u00f3i nyilv\u00e1ntart\u00e1sba, rendelkezik ad\u00f3sz\u00e1mmal (DI\u010c) \u00e9s statisztikai sz\u00e1mmal (I\u010cO). Fontos megk\u00fcl\u00f6nb\u00f6ztetni a val\u00f3di ready-made kft.-t azokt\u00f3l a haszn\u00e1lt t\u00e1rsas\u00e1gokt\u00f3l, amelyeket kor\u00e1bbi tulajdonosaik feleslegess\u00e9g miatt adnak el.<\/span><\/p>\n<p><span style=\"font-family: arial, helvetica, sans-serif; font-size: 12pt; color: #000000;\"><strong>Id\u0151beli \u00f6sszehasonl\u00edt\u00e1s<\/strong><\/span><\/p>\n<p><span style=\"font-family: arial, helvetica, sans-serif; font-size: 12pt; color: #000000;\">Egy \u00faj kft. alap\u00edt\u00e1sa ide\u00e1lis esetben k\u00e9t h\u00e9tig tart, de a gyakorlatban ez az id\u0151szak gyakran meghosszabbodhat a b\u00edr\u00f3s\u00e1gi \u00fcgyint\u00e9z\u00e9s leterhelts\u00e9ge miatt. Az alap\u00edt\u00e1s folyamata mag\u00e1ban foglalja az alap\u00edt\u00f3 dokumentumok el\u0151k\u00e9sz\u00edt\u00e9s\u00e9t, az enged\u00e9lyek megszerz\u00e9s\u00e9t, a c\u00e9gbejegyz\u00e9st \u00e9s az ad\u00f3hat\u00f3s\u00e1gi regisztr\u00e1ci\u00f3t.<\/span><br \/>\n<span style=\"font-family: arial, helvetica, sans-serif; font-size: 12pt; color: #000000;\">Ezzel szemben egy ready-made kft. megv\u00e1s\u00e1rl\u00e1sa k\u00f6r\u00fclbel\u00fcl 5\u20137 munkanapot vesz ig\u00e9nybe. Az al\u00e1\u00edr\u00e1s pillanat\u00e1t\u00f3l a v\u00e1llalkoz\u00f3 elvileg a t\u00e1rsas\u00e1g nev\u00e9ben elj\u00e1rhat \u00e9s szerz\u0151d\u00e9seket k\u00f6thet, m\u00e9g ha a c\u00e9gb\u00edr\u00f3s\u00e1gi v\u00e1ltoz\u00e1sbejegyz\u00e9s m\u00e9g nem is t\u00f6rt\u00e9nt meg.<\/span><\/p>\n<p><span style=\"font-family: arial, helvetica, sans-serif; font-size: 12pt; color: #000000;\"><strong>P\u00e9nz\u00fcgyi \u00f6sszehasonl\u00edt\u00e1s<\/strong><\/span><\/p>\n<p><span style=\"font-family: arial, helvetica, sans-serif; font-size: 12pt; color: #000000;\">\u00daj kft. alap\u00edt\u00e1sakor az \u00fcgyv\u00e9di d\u00edj (kb. 350 EUR-t\u00f3l) mellett <strong>220 EUR b\u00edr\u00f3s\u00e1gi illet\u00e9ket<\/strong> kell fizetni. A szabad tev\u00e9kenys\u00e9gek enged\u00e9lye d\u00edjmentes.<\/span><br \/>\n<span style=\"font-family: arial, helvetica, sans-serif; font-size: 12pt; color: #000000;\">A ready-made kft. \u00e1ra k\u00f6r\u00fclbel\u00fcl <strong>350 \u2013 600 EUR<\/strong>, amely \u00e1ltal\u00e1ban tartalmazza a teljes dokument\u00e1ci\u00f3t \u00e9s az illet\u00e9ket (50 EUR).<\/span><\/p>\n<p><span style=\"font-family: arial, helvetica, sans-serif; font-size: 12pt; color: #000000;\"><strong>K\u00fcl\u00f6n kateg\u00f3ria: Ready-made kft. \u00c1FA-regisztr\u00e1ci\u00f3val<\/strong><\/span><\/p>\n<p><span style=\"font-family: arial, helvetica, sans-serif; font-size: 12pt; color: #000000;\">Az \u00c1FA-alanyk\u00e9nt regisztr\u00e1lt ready-made t\u00e1rsas\u00e1gok a legkeresettebbek, mert azonnali hozz\u00e1adott \u00e9rt\u00e9ket jelentenek. \u00daj kft. alap\u00edt\u00e1sakor \u00e9s \u00f6nk\u00e9ntes \u00c1FA-regisztr\u00e1ci\u00f3n\u00e1l a folyamat hosszabb, \u00e9s az ad\u00f3hat\u00f3s\u00e1g k\u00e9rheti a gazdas\u00e1gi tev\u00e9kenys\u00e9g igazol\u00e1s\u00e1t.<\/span><br \/>\n<span style=\"font-family: arial, helvetica, sans-serif; font-size: 12pt; color: #000000;\">Ezzel szemben egy <strong>ready-made \u00c1FA-s kft.<\/strong> v\u00e1s\u00e1rl\u00e1s\u00e1val azonnal, a szerz\u0151d\u00e9s al\u00e1\u00edr\u00e1sa ut\u00e1n megkezdheti a v\u00e1llalkoz\u00e1st \u00c1FA-fizet\u0151k\u00e9nt. Ez ide\u00e1lis p\u00e9ld\u00e1ul nagy \u00e9rt\u00e9k\u0171 beszerz\u00e9sekhez (ingatlan, j\u00e1rm\u0171, g\u00e9p), amikor az \u00c1FA azonnal levonhat\u00f3. Az ilyen t\u00e1rsas\u00e1g \u00e1ra l\u00e9nyegesen magasabb, mint az \u00c1FA n\u00e9lk\u00fcli ready-made c\u00e9gek\u00e9.<\/span><\/p>\n<p><span style=\"font-family: arial, helvetica, sans-serif; font-size: 12pt; color: #000000;\"><strong>El\u0151ny\u00f6k \u00e9s h\u00e1tr\u00e1nyok<\/strong><\/span><\/p>\n<p><span style=\"font-family: arial, helvetica, sans-serif; font-size: 12pt; color: #000000;\">Az \u00faj kft. alap\u00edt\u00e1sa k\u00f6lts\u00e9gben hasonl\u00f3, de lehet\u0151v\u00e9 teszi a t\u00e1rsas\u00e1g teljes testreszab\u00e1s\u00e1t. H\u00e1tr\u00e1nya a hosszabb \u00fcgyint\u00e9z\u00e9si id\u0151.<\/span><br \/>\n<span style=\"font-family: arial, helvetica, sans-serif; font-size: 12pt; color: #000000;\">A ready-made kft. v\u00e1s\u00e1rl\u00e1sa gyors \u00e9s kev\u00e9s adminisztr\u00e1ci\u00f3val j\u00e1r. M\u00e1r az al\u00e1\u00edr\u00e1s ut\u00e1n megkezdhet\u0151 a v\u00e1llalkoz\u00e1s. H\u00e1tr\u00e1nya a magasabb \u00e1r, az esetleges n\u00e9vv\u00e1ltoztat\u00e1s sz\u00fcks\u00e9gess\u00e9ge, valamint az eredeti tulajdonosok l\u00e1that\u00f3s\u00e1ga a c\u00e9gnyilv\u00e1ntart\u00e1sban. Nem megb\u00edzhat\u00f3 elad\u00f3t\u00f3l v\u00e1s\u00e1rolva fenn\u00e1ll a rejtett tartoz\u00e1sok vesz\u00e9lye, ez\u00e9rt fontos, hogy csak megb\u00edzhat\u00f3, tapasztalt szolg\u00e1ltat\u00f3t\u00f3l v\u00e1s\u00e1roljon.<\/span><\/p>\n<p><span style=\"font-family: arial, helvetica, sans-serif; font-size: 12pt; color: #000000;\"><strong>\u00d6sszegz\u00e9s<\/strong><\/span><\/p>\n<p><span style=\"font-family: arial, helvetica, sans-serif; font-size: 12pt; color: #000000;\">A d\u00f6nt\u00e9s az \u00faj kft. alap\u00edt\u00e1sa \u00e9s a ready-made t\u00e1rsas\u00e1g v\u00e1s\u00e1rl\u00e1sa k\u00f6z\u00f6tt az \u00d6n egy\u00e9ni helyzet\u00e9t\u0151l f\u00fcgg.<\/span><br \/>\n<span style=\"font-family: arial, helvetica, sans-serif; font-size: 12pt; color: #000000;\">\u00daj c\u00e9g alap\u00edt\u00e1sa akkor el\u0151ny\u00f6s, ha t\u00f6bb ideje van \u00e9s alacsonyabb k\u00f6lts\u00e9gvet\u00e9ssel dolgozik, m\u00edg a ready-made t\u00e1rsas\u00e1g ide\u00e1lis, ha gyorsan kell kezdeni a v\u00e1llalkoz\u00e1st.<\/span><br \/>\n<span style=\"font-family: arial, helvetica, sans-serif; font-size: 12pt; color: #000000;\">Az \u00c1FA-s ready-made kft. szinte mindig a legjobb v\u00e1laszt\u00e1s azoknak, akiknek azonnal \u00c1FA-alanny\u00e1 kell v\u00e1lniuk. Minden esetben aj\u00e1nlott a d\u00f6nt\u00e9s el\u0151tt alaposan m\u00e9rlegelni a k\u00f6r\u00fclm\u00e9nyeket, \u00e9s sz\u00fcks\u00e9g eset\u00e9n szak\u00e9rt\u0151vel konzult\u00e1lni.<\/span><\/p>\n<p>&nbsp;<\/p>\n<div class='bootstrap-yop yop-poll-mc'>\n\t\t\t\t\t\t\t<div class=\"basic-yop-poll-container\" style=\"background-color:#ffffff; border:0px; border-style:solid; border-color:#000000; border-radius:5px; padding:10px 10px;\" data-id=\"32\" data-temp=\"basic\" data-skin=\"minimal\" data-cscheme=\"black\" data-cap=\"4\" data-access=\"guest\" data-tid=\"\" data-uid=\"6e32842677e8465a1e0d8841974a551e\" data-pid=\"39253\" data-resdet=\"votes-number,percentages\" data-show-results-to=\"guest,registered\" data-show-results-moment=\"before-vote\" data-show-results-only=\"false\" data-show-message=\"true\" data-show-results-as=\"bar\" data-sort-results-by=\"number-of-votes\" data-sort-results-rule=\"asc\"data-is-ended=\"0\" data-gdpr=\"no\" data-gdpr-sol=\"consent\" data-css=\".basic-yop-poll-container[data-uid] .basic-vote {\n\t\t\t\t\t\t\t\t\ttext-align: center;\n\t\t\t\t\t\t\t\t}\n\n\/*tlacitko*\/\na.button.basic-vote-button {\nmargin-top: 20px;\nbackground: #c1b3af!Important;\ncolor: black!Important;\ntransition: all 0.3s ease-out;\n}\na.button.basic-vote-button:hover {\nmargin-top: 20px;\nbackground: #695853!Important;\ncolor: #c1b3af!Important;\n}\n\n\/*zmena farby grafu hodnotenia*\/\n.progress-bar.six-sec-ease-in-out {\n    background: #ffc70a!Important;\n}\n\n\/*odpoved*\/\nli.basic-answer.col-xs-6.col-sm-6.col-md-6 {\n    margin-left: -15px;\n}\n\" data-counter=\"0\" data-load-with=\"1\" data-notification-section=\"top\"><div class=\"row\"><div class=\"col-md-12\"><div class=\"basic-inner\"><div class=\"basic-message hide\" style=\"border-left: 10px solid #ffc70a; padding: 0px 10px;\" data-error=\"#ff0000\" data-success=\"#ffc70a\"><p class=\"basic-message-text\" style=\"color:#000000; font-size:18px; font-weight:normal;\"><\/p><\/div><div class=\"basic-overlay hide\"><div class=\"basic-vote-options\"><\/div><div class=\"basic-preloader\"><div class=\"basic-windows8\"><div class=\"basic-wBall basic-wBall_1\"><div class=\"basic-wInnerBall\"><\/div><\/div><div class=\"basic-wBall basic-wBall_2\"><div class=\"basic-wInnerBall\"><\/div><\/div><div class=\"basic-wBall basic-wBall_3\"><div class=\"basic-wInnerBall\"><\/div><\/div><div class=\"basic-wBall basic-wBall_4\"><div class=\"basic-wInnerBall\"><\/div><\/div><div class=\"basic-wBall basic-wBall_5\"><div class=\"basic-wInnerBall\"><\/div><\/div><\/div><\/div><\/div><form class=\"basic-form\"><input type=\"hidden\" name=\"_token\" value=\"65e7193c9a\" autocomplete=\"off\"><div class=\"basic-elements\"><div class=\"basic-element basic-question basic-question-text-horizontal\" data-id=\"32\" data-uid=\"39f003342562a74a88c576daf771ae67\" data-type=\"question\" data-question-type=\"text\" data-allow-multiple=\"no\" data-min=\"1\" data-max=\"1\" data-display=\"horizontal\" data-colnum=\"\" data-display-others=\"no\" data-others-color=\"\" data-others=\"\"><div role=\"heading\" aria-level=\"5\" class=\"basic-question-title\" style=\"color:#000000; font-size:18px; font-weight:bold; text-align:left;\">Hasznos volt ez a cikk?<\/div><ul class=\"basic-answers basic-h-answers\"><li class=\"basic-answer col-xs-6 col-sm-6 col-md-6\" style=\"padding:0px 0px;\" data-id=\"63\" data-type=\"text\" data-vn=\"0\" data-color=\"#000000\" data-make-link=\"no\" data-link=\"\"><div class=\"basic-answer-content basic-text-horizontal\"><label for=\"answer[63]\" class=\"basic-answer-label\"><input type=\"radio\" id=\"answer[63]\" name=\"answer[32]\" value=\"63\" autocomplete=\"off\"><span class=\"basic-text\" style=\"color: #000000; font-size: 18px; font-weight: normal;\" tabindex=\"0\">Igen<\/span><\/label><\/div><\/li><li class=\"basic-answer col-xs-6 col-sm-6 col-md-6\" style=\"padding:0px 0px;\" data-id=\"64\" data-type=\"text\" data-vn=\"0\" data-color=\"#000000\" data-make-link=\"no\" data-link=\"\"><div class=\"basic-answer-content basic-text-horizontal\"><label for=\"answer[64]\" class=\"basic-answer-label\"><input type=\"radio\" id=\"answer[64]\" name=\"answer[32]\" value=\"64\" autocomplete=\"off\"><span class=\"basic-text\" style=\"color: #000000; font-size: 18px; font-weight: normal;\" tabindex=\"0\">Nem<\/span><\/label><\/div><\/li><\/ul><\/div><div class=\"clearfix\"><\/div><\/div><div id=\"yop-poll-captcha-6e32842677e8465a1e0d8841974a551e\" class=\"basic-captcha\"><\/div><div class=\"basic-vote\"><a href=\"#\" class=\"button basic-vote-button\" role=\"button\" style=\"background:#19234e; border:1px; border-style: solid; border-color:#000000; border-radius:3px; padding:10px 30px; color:#ffffff; font-size:21px; font-weight:normal;\">Szavaz\u00e1s<\/a><\/div><\/form><\/div><\/div><\/div><\/div>\n\t\t\t\t\t\t<\/div>\n","protected":false},"excerpt":{"rendered":"<p>&nbsp; &nbsp; A korl\u00e1tolt felel\u0151ss\u00e9g\u0171 t\u00e1rsas\u00e1g (kft.) alap\u00edt\u00e1s\u00e1val a j\u00f6v\u0151beli v\u00e1llalkoz\u00f3 el\u0151tt fontos d\u00f6nt\u00e9s \u00e1ll: \u00faj kft.-t alap\u00edtson, vagy megl\u00e9v\u0151 ready-made kft.-t v\u00e1s\u00e1roljon. Mindk\u00e9t lehet\u0151s\u00e9gnek megvannak az el\u0151nyei \u00e9s h\u00e1tr\u00e1nyai, \u00e9s a v\u00e1laszt\u00e1s az \u00d6n konkr\u00e9t helyzet\u00e9t\u0151l, id\u0151beli lehet\u0151s\u00e9geit\u0151l \u00e9s p\u00e9nz\u00fcgyi priorit\u00e1sait\u00f3l f\u00fcgg. Mi az a ready-made kft.? A ready-made kft. egy olyan \u00fajonnan alap\u00edtott [&hellip;]<\/p>\n","protected":false},"author":8,"featured_media":39258,"comment_status":"open","ping_status":"closed","sticky":false,"template":"","format":"standard","meta":{"_et_pb_use_builder":"","_et_pb_old_content":"","_et_gb_content_width":"","footnotes":""},"categories":[53],"tags":[],"class_list":["post-39253","post","type-post","status-publish","format-standard","has-post-thumbnail","hentry","category-uncategorized-hu"],"yoast_head":"<!-- This site is optimized with the Yoast SEO plugin v27.0 - https:\/\/yoast.com\/product\/yoast-seo-wordpress\/ -->\n<title>\u00daj kft. alap\u00edt\u00e1sa vagy ready-made kft. v\u00e1s\u00e1rl\u00e1sa<\/title>\n<meta name=\"description\" content=\"A ready-made kft. egy olyan \u00fajonnan alap\u00edtott t\u00e1rsas\u00e1g, amelyet kiz\u00e1r\u00f3lag tov\u00e1bb\u00e9rt\u00e9kes\u00edt\u00e9si c\u00e9llal hoztak l\u00e9tre.\" \/>\n<meta name=\"robots\" content=\"index, follow, max-snippet:-1, max-image-preview:large, max-video-preview:-1\" \/>\n<link rel=\"canonical\" href=\"https:\/\/legilius.sk\/hu\/uj-kft-alapitasa-vagy-ready-made-kft-vasarlasa-osszehasonlitas-vallalkozok-szamara\/\" \/>\n<meta property=\"og:locale\" content=\"hu_HU\" \/>\n<meta property=\"og:type\" content=\"article\" \/>\n<meta property=\"og:title\" content=\"\u00daj kft. alap\u00edt\u00e1sa vagy ready-made kft. v\u00e1s\u00e1rl\u00e1sa\" \/>\n<meta property=\"og:description\" content=\"A ready-made kft. egy olyan \u00fajonnan alap\u00edtott t\u00e1rsas\u00e1g, amelyet kiz\u00e1r\u00f3lag tov\u00e1bb\u00e9rt\u00e9kes\u00edt\u00e9si c\u00e9llal hoztak l\u00e9tre.\" \/>\n<meta property=\"og:url\" content=\"https:\/\/legilius.sk\/hu\/uj-kft-alapitasa-vagy-ready-made-kft-vasarlasa-osszehasonlitas-vallalkozok-szamara\/\" \/>\n<meta property=\"og:site_name\" content=\"JUDr. Zuzana Tak\u00e1csov\u00e1, Advok\u00e1tka\" \/>\n<meta property=\"article:published_time\" content=\"2025-11-12T09:14:26+00:00\" \/>\n<meta property=\"article:modified_time\" content=\"2025-11-12T09:28:40+00:00\" \/>\n<meta property=\"og:image\" content=\"https:\/\/legilius.sk\/wp-content\/uploads\/2025\/11\/Zalozenie-novej-s.r.o.-alebo-kupa-ready-made-s.r.-HU.jpg\" \/>\n\t<meta property=\"og:image:width\" content=\"1200\" \/>\n\t<meta property=\"og:image:height\" content=\"630\" \/>\n\t<meta property=\"og:image:type\" content=\"image\/jpeg\" \/>\n<meta name=\"author\" content=\"JUDr. Zuzana Tak\u00e1csov\u00e1\" \/>\n<meta name=\"twitter:label1\" content=\"Szerz\u0151:\" \/>\n\t<meta name=\"twitter:data1\" content=\"JUDr. Zuzana Tak\u00e1csov\u00e1\" \/>\n\t<meta name=\"twitter:label2\" content=\"Becs\u00fclt olvas\u00e1si id\u0151\" \/>\n\t<meta name=\"twitter:data2\" content=\"3 perc\" \/>\n<script type=\"application\/ld+json\" class=\"yoast-schema-graph\">{\"@context\":\"https:\/\/schema.org\",\"@graph\":[{\"@type\":\"Article\",\"@id\":\"https:\/\/legilius.sk\/hu\/uj-kft-alapitasa-vagy-ready-made-kft-vasarlasa-osszehasonlitas-vallalkozok-szamara\/#article\",\"isPartOf\":{\"@id\":\"https:\/\/legilius.sk\/hu\/uj-kft-alapitasa-vagy-ready-made-kft-vasarlasa-osszehasonlitas-vallalkozok-szamara\/\"},\"author\":{\"name\":\"JUDr. Zuzana Tak\u00e1csov\u00e1\",\"@id\":\"https:\/\/legilius.sk\/#\/schema\/person\/45b9a4df4bc6643942076f2253af1044\"},\"headline\":\"\u00daj kft. alap\u00edt\u00e1sa vagy ready-made kft. v\u00e1s\u00e1rl\u00e1sa: \u00d6sszehasonl\u00edt\u00e1s v\u00e1llalkoz\u00f3k sz\u00e1m\u00e1ra\",\"datePublished\":\"2025-11-12T09:14:26+00:00\",\"dateModified\":\"2025-11-12T09:28:40+00:00\",\"mainEntityOfPage\":{\"@id\":\"https:\/\/legilius.sk\/hu\/uj-kft-alapitasa-vagy-ready-made-kft-vasarlasa-osszehasonlitas-vallalkozok-szamara\/\"},\"wordCount\":807,\"commentCount\":0,\"publisher\":{\"@id\":\"https:\/\/legilius.sk\/#organization\"},\"image\":{\"@id\":\"https:\/\/legilius.sk\/hu\/uj-kft-alapitasa-vagy-ready-made-kft-vasarlasa-osszehasonlitas-vallalkozok-szamara\/#primaryimage\"},\"thumbnailUrl\":\"https:\/\/legilius.sk\/wp-content\/uploads\/2025\/11\/Zalozenie-novej-s.r.o.-alebo-kupa-ready-made-s.r.-HU.jpg\",\"articleSection\":[\"Uncategorized @hu\"],\"inLanguage\":\"hu\",\"potentialAction\":[{\"@type\":\"CommentAction\",\"name\":\"Comment\",\"target\":[\"https:\/\/legilius.sk\/hu\/uj-kft-alapitasa-vagy-ready-made-kft-vasarlasa-osszehasonlitas-vallalkozok-szamara\/#respond\"]}]},{\"@type\":\"WebPage\",\"@id\":\"https:\/\/legilius.sk\/hu\/uj-kft-alapitasa-vagy-ready-made-kft-vasarlasa-osszehasonlitas-vallalkozok-szamara\/\",\"url\":\"https:\/\/legilius.sk\/hu\/uj-kft-alapitasa-vagy-ready-made-kft-vasarlasa-osszehasonlitas-vallalkozok-szamara\/\",\"name\":\"\u00daj kft. alap\u00edt\u00e1sa vagy ready-made kft. v\u00e1s\u00e1rl\u00e1sa\",\"isPartOf\":{\"@id\":\"https:\/\/legilius.sk\/#website\"},\"primaryImageOfPage\":{\"@id\":\"https:\/\/legilius.sk\/hu\/uj-kft-alapitasa-vagy-ready-made-kft-vasarlasa-osszehasonlitas-vallalkozok-szamara\/#primaryimage\"},\"image\":{\"@id\":\"https:\/\/legilius.sk\/hu\/uj-kft-alapitasa-vagy-ready-made-kft-vasarlasa-osszehasonlitas-vallalkozok-szamara\/#primaryimage\"},\"thumbnailUrl\":\"https:\/\/legilius.sk\/wp-content\/uploads\/2025\/11\/Zalozenie-novej-s.r.o.-alebo-kupa-ready-made-s.r.-HU.jpg\",\"datePublished\":\"2025-11-12T09:14:26+00:00\",\"dateModified\":\"2025-11-12T09:28:40+00:00\",\"description\":\"A ready-made kft. egy olyan \u00fajonnan alap\u00edtott t\u00e1rsas\u00e1g, amelyet kiz\u00e1r\u00f3lag tov\u00e1bb\u00e9rt\u00e9kes\u00edt\u00e9si c\u00e9llal hoztak l\u00e9tre.\",\"breadcrumb\":{\"@id\":\"https:\/\/legilius.sk\/hu\/uj-kft-alapitasa-vagy-ready-made-kft-vasarlasa-osszehasonlitas-vallalkozok-szamara\/#breadcrumb\"},\"inLanguage\":\"hu\",\"potentialAction\":[{\"@type\":\"ReadAction\",\"target\":[\"https:\/\/legilius.sk\/hu\/uj-kft-alapitasa-vagy-ready-made-kft-vasarlasa-osszehasonlitas-vallalkozok-szamara\/\"]}]},{\"@type\":\"ImageObject\",\"inLanguage\":\"hu\",\"@id\":\"https:\/\/legilius.sk\/hu\/uj-kft-alapitasa-vagy-ready-made-kft-vasarlasa-osszehasonlitas-vallalkozok-szamara\/#primaryimage\",\"url\":\"https:\/\/legilius.sk\/wp-content\/uploads\/2025\/11\/Zalozenie-novej-s.r.o.-alebo-kupa-ready-made-s.r.-HU.jpg\",\"contentUrl\":\"https:\/\/legilius.sk\/wp-content\/uploads\/2025\/11\/Zalozenie-novej-s.r.o.-alebo-kupa-ready-made-s.r.-HU.jpg\",\"width\":1200,\"height\":630,\"caption\":\"Zalo\u017eenie novej s.r.o. alebo k\u00fapa ready made s.r. HU\"},{\"@type\":\"BreadcrumbList\",\"@id\":\"https:\/\/legilius.sk\/hu\/uj-kft-alapitasa-vagy-ready-made-kft-vasarlasa-osszehasonlitas-vallalkozok-szamara\/#breadcrumb\",\"itemListElement\":[{\"@type\":\"ListItem\",\"position\":1,\"name\":\"Home\",\"item\":\"https:\/\/legilius.sk\/hu\/\"},{\"@type\":\"ListItem\",\"position\":2,\"name\":\"\u00daj kft. alap\u00edt\u00e1sa vagy ready-made kft. v\u00e1s\u00e1rl\u00e1sa: \u00d6sszehasonl\u00edt\u00e1s v\u00e1llalkoz\u00f3k sz\u00e1m\u00e1ra\"}]},{\"@type\":\"WebSite\",\"@id\":\"https:\/\/legilius.sk\/#website\",\"url\":\"https:\/\/legilius.sk\/\",\"name\":\"JUDr. Zuzana Tak\u00e1csov\u00e1, Advok\u00e1tka\",\"description\":\"\",\"publisher\":{\"@id\":\"https:\/\/legilius.sk\/#organization\"},\"potentialAction\":[{\"@type\":\"SearchAction\",\"target\":{\"@type\":\"EntryPoint\",\"urlTemplate\":\"https:\/\/legilius.sk\/?s={search_term_string}\"},\"query-input\":{\"@type\":\"PropertyValueSpecification\",\"valueRequired\":true,\"valueName\":\"search_term_string\"}}],\"inLanguage\":\"hu\"},{\"@type\":\"Organization\",\"@id\":\"https:\/\/legilius.sk\/#organization\",\"name\":\"LEGILIUS\",\"url\":\"https:\/\/legilius.sk\/\",\"logo\":{\"@type\":\"ImageObject\",\"inLanguage\":\"hu\",\"@id\":\"https:\/\/legilius.sk\/#\/schema\/logo\/image\/\",\"url\":\"https:\/\/legilius.sk\/wp-content\/uploads\/2021\/12\/legilius-logo-final.png\",\"contentUrl\":\"https:\/\/legilius.sk\/wp-content\/uploads\/2021\/12\/legilius-logo-final.png\",\"width\":250,\"height\":77,\"caption\":\"LEGILIUS\"},\"image\":{\"@id\":\"https:\/\/legilius.sk\/#\/schema\/logo\/image\/\"}},{\"@type\":\"Person\",\"@id\":\"https:\/\/legilius.sk\/#\/schema\/person\/45b9a4df4bc6643942076f2253af1044\",\"name\":\"JUDr. Zuzana Tak\u00e1csov\u00e1\",\"image\":{\"@type\":\"ImageObject\",\"inLanguage\":\"hu\",\"@id\":\"https:\/\/legilius.sk\/#\/schema\/person\/image\/\",\"url\":\"https:\/\/secure.gravatar.com\/avatar\/c38efbd933dce54b6c2973bb608b197f752db76640842d28670a13b4fe31aa2e?s=96&d=mm&r=g\",\"contentUrl\":\"https:\/\/secure.gravatar.com\/avatar\/c38efbd933dce54b6c2973bb608b197f752db76640842d28670a13b4fe31aa2e?s=96&d=mm&r=g\",\"caption\":\"JUDr. Zuzana Tak\u00e1csov\u00e1\"},\"url\":\"https:\/\/legilius.sk\/hu\/author\/legilius\/\"}]}<\/script>\n<!-- \/ Yoast SEO plugin. -->","yoast_head_json":{"title":"\u00daj kft. alap\u00edt\u00e1sa vagy ready-made kft. v\u00e1s\u00e1rl\u00e1sa","description":"A ready-made kft. egy olyan \u00fajonnan alap\u00edtott t\u00e1rsas\u00e1g, amelyet kiz\u00e1r\u00f3lag tov\u00e1bb\u00e9rt\u00e9kes\u00edt\u00e9si c\u00e9llal hoztak l\u00e9tre.","robots":{"index":"index","follow":"follow","max-snippet":"max-snippet:-1","max-image-preview":"max-image-preview:large","max-video-preview":"max-video-preview:-1"},"canonical":"https:\/\/legilius.sk\/hu\/uj-kft-alapitasa-vagy-ready-made-kft-vasarlasa-osszehasonlitas-vallalkozok-szamara\/","og_locale":"hu_HU","og_type":"article","og_title":"\u00daj kft. alap\u00edt\u00e1sa vagy ready-made kft. v\u00e1s\u00e1rl\u00e1sa","og_description":"A ready-made kft. egy olyan \u00fajonnan alap\u00edtott t\u00e1rsas\u00e1g, amelyet kiz\u00e1r\u00f3lag tov\u00e1bb\u00e9rt\u00e9kes\u00edt\u00e9si c\u00e9llal hoztak l\u00e9tre.","og_url":"https:\/\/legilius.sk\/hu\/uj-kft-alapitasa-vagy-ready-made-kft-vasarlasa-osszehasonlitas-vallalkozok-szamara\/","og_site_name":"JUDr. Zuzana Tak\u00e1csov\u00e1, Advok\u00e1tka","article_published_time":"2025-11-12T09:14:26+00:00","article_modified_time":"2025-11-12T09:28:40+00:00","og_image":[{"width":1200,"height":630,"url":"https:\/\/legilius.sk\/wp-content\/uploads\/2025\/11\/Zalozenie-novej-s.r.o.-alebo-kupa-ready-made-s.r.-HU.jpg","type":"image\/jpeg"}],"author":"JUDr. Zuzana Tak\u00e1csov\u00e1","twitter_misc":{"Szerz\u0151:":"JUDr. Zuzana Tak\u00e1csov\u00e1","Becs\u00fclt olvas\u00e1si id\u0151":"3 perc"},"schema":{"@context":"https:\/\/schema.org","@graph":[{"@type":"Article","@id":"https:\/\/legilius.sk\/hu\/uj-kft-alapitasa-vagy-ready-made-kft-vasarlasa-osszehasonlitas-vallalkozok-szamara\/#article","isPartOf":{"@id":"https:\/\/legilius.sk\/hu\/uj-kft-alapitasa-vagy-ready-made-kft-vasarlasa-osszehasonlitas-vallalkozok-szamara\/"},"author":{"name":"JUDr. Zuzana Tak\u00e1csov\u00e1","@id":"https:\/\/legilius.sk\/#\/schema\/person\/45b9a4df4bc6643942076f2253af1044"},"headline":"\u00daj kft. alap\u00edt\u00e1sa vagy ready-made kft. v\u00e1s\u00e1rl\u00e1sa: \u00d6sszehasonl\u00edt\u00e1s v\u00e1llalkoz\u00f3k sz\u00e1m\u00e1ra","datePublished":"2025-11-12T09:14:26+00:00","dateModified":"2025-11-12T09:28:40+00:00","mainEntityOfPage":{"@id":"https:\/\/legilius.sk\/hu\/uj-kft-alapitasa-vagy-ready-made-kft-vasarlasa-osszehasonlitas-vallalkozok-szamara\/"},"wordCount":807,"commentCount":0,"publisher":{"@id":"https:\/\/legilius.sk\/#organization"},"image":{"@id":"https:\/\/legilius.sk\/hu\/uj-kft-alapitasa-vagy-ready-made-kft-vasarlasa-osszehasonlitas-vallalkozok-szamara\/#primaryimage"},"thumbnailUrl":"https:\/\/legilius.sk\/wp-content\/uploads\/2025\/11\/Zalozenie-novej-s.r.o.-alebo-kupa-ready-made-s.r.-HU.jpg","articleSection":["Uncategorized @hu"],"inLanguage":"hu","potentialAction":[{"@type":"CommentAction","name":"Comment","target":["https:\/\/legilius.sk\/hu\/uj-kft-alapitasa-vagy-ready-made-kft-vasarlasa-osszehasonlitas-vallalkozok-szamara\/#respond"]}]},{"@type":"WebPage","@id":"https:\/\/legilius.sk\/hu\/uj-kft-alapitasa-vagy-ready-made-kft-vasarlasa-osszehasonlitas-vallalkozok-szamara\/","url":"https:\/\/legilius.sk\/hu\/uj-kft-alapitasa-vagy-ready-made-kft-vasarlasa-osszehasonlitas-vallalkozok-szamara\/","name":"\u00daj kft. alap\u00edt\u00e1sa vagy ready-made kft. v\u00e1s\u00e1rl\u00e1sa","isPartOf":{"@id":"https:\/\/legilius.sk\/#website"},"primaryImageOfPage":{"@id":"https:\/\/legilius.sk\/hu\/uj-kft-alapitasa-vagy-ready-made-kft-vasarlasa-osszehasonlitas-vallalkozok-szamara\/#primaryimage"},"image":{"@id":"https:\/\/legilius.sk\/hu\/uj-kft-alapitasa-vagy-ready-made-kft-vasarlasa-osszehasonlitas-vallalkozok-szamara\/#primaryimage"},"thumbnailUrl":"https:\/\/legilius.sk\/wp-content\/uploads\/2025\/11\/Zalozenie-novej-s.r.o.-alebo-kupa-ready-made-s.r.-HU.jpg","datePublished":"2025-11-12T09:14:26+00:00","dateModified":"2025-11-12T09:28:40+00:00","description":"A ready-made kft. egy olyan \u00fajonnan alap\u00edtott t\u00e1rsas\u00e1g, amelyet kiz\u00e1r\u00f3lag tov\u00e1bb\u00e9rt\u00e9kes\u00edt\u00e9si c\u00e9llal hoztak l\u00e9tre.","breadcrumb":{"@id":"https:\/\/legilius.sk\/hu\/uj-kft-alapitasa-vagy-ready-made-kft-vasarlasa-osszehasonlitas-vallalkozok-szamara\/#breadcrumb"},"inLanguage":"hu","potentialAction":[{"@type":"ReadAction","target":["https:\/\/legilius.sk\/hu\/uj-kft-alapitasa-vagy-ready-made-kft-vasarlasa-osszehasonlitas-vallalkozok-szamara\/"]}]},{"@type":"ImageObject","inLanguage":"hu","@id":"https:\/\/legilius.sk\/hu\/uj-kft-alapitasa-vagy-ready-made-kft-vasarlasa-osszehasonlitas-vallalkozok-szamara\/#primaryimage","url":"https:\/\/legilius.sk\/wp-content\/uploads\/2025\/11\/Zalozenie-novej-s.r.o.-alebo-kupa-ready-made-s.r.-HU.jpg","contentUrl":"https:\/\/legilius.sk\/wp-content\/uploads\/2025\/11\/Zalozenie-novej-s.r.o.-alebo-kupa-ready-made-s.r.-HU.jpg","width":1200,"height":630,"caption":"Zalo\u017eenie novej s.r.o. alebo k\u00fapa ready made s.r. HU"},{"@type":"BreadcrumbList","@id":"https:\/\/legilius.sk\/hu\/uj-kft-alapitasa-vagy-ready-made-kft-vasarlasa-osszehasonlitas-vallalkozok-szamara\/#breadcrumb","itemListElement":[{"@type":"ListItem","position":1,"name":"Home","item":"https:\/\/legilius.sk\/hu\/"},{"@type":"ListItem","position":2,"name":"\u00daj kft. alap\u00edt\u00e1sa vagy ready-made kft. v\u00e1s\u00e1rl\u00e1sa: \u00d6sszehasonl\u00edt\u00e1s v\u00e1llalkoz\u00f3k sz\u00e1m\u00e1ra"}]},{"@type":"WebSite","@id":"https:\/\/legilius.sk\/#website","url":"https:\/\/legilius.sk\/","name":"JUDr. Zuzana Tak\u00e1csov\u00e1, Advok\u00e1tka","description":"","publisher":{"@id":"https:\/\/legilius.sk\/#organization"},"potentialAction":[{"@type":"SearchAction","target":{"@type":"EntryPoint","urlTemplate":"https:\/\/legilius.sk\/?s={search_term_string}"},"query-input":{"@type":"PropertyValueSpecification","valueRequired":true,"valueName":"search_term_string"}}],"inLanguage":"hu"},{"@type":"Organization","@id":"https:\/\/legilius.sk\/#organization","name":"LEGILIUS","url":"https:\/\/legilius.sk\/","logo":{"@type":"ImageObject","inLanguage":"hu","@id":"https:\/\/legilius.sk\/#\/schema\/logo\/image\/","url":"https:\/\/legilius.sk\/wp-content\/uploads\/2021\/12\/legilius-logo-final.png","contentUrl":"https:\/\/legilius.sk\/wp-content\/uploads\/2021\/12\/legilius-logo-final.png","width":250,"height":77,"caption":"LEGILIUS"},"image":{"@id":"https:\/\/legilius.sk\/#\/schema\/logo\/image\/"}},{"@type":"Person","@id":"https:\/\/legilius.sk\/#\/schema\/person\/45b9a4df4bc6643942076f2253af1044","name":"JUDr. Zuzana Tak\u00e1csov\u00e1","image":{"@type":"ImageObject","inLanguage":"hu","@id":"https:\/\/legilius.sk\/#\/schema\/person\/image\/","url":"https:\/\/secure.gravatar.com\/avatar\/c38efbd933dce54b6c2973bb608b197f752db76640842d28670a13b4fe31aa2e?s=96&d=mm&r=g","contentUrl":"https:\/\/secure.gravatar.com\/avatar\/c38efbd933dce54b6c2973bb608b197f752db76640842d28670a13b4fe31aa2e?s=96&d=mm&r=g","caption":"JUDr. Zuzana Tak\u00e1csov\u00e1"},"url":"https:\/\/legilius.sk\/hu\/author\/legilius\/"}]}},"_links":{"self":[{"href":"https:\/\/legilius.sk\/hu\/wp-json\/wp\/v2\/posts\/39253","targetHints":{"allow":["GET"]}}],"collection":[{"href":"https:\/\/legilius.sk\/hu\/wp-json\/wp\/v2\/posts"}],"about":[{"href":"https:\/\/legilius.sk\/hu\/wp-json\/wp\/v2\/types\/post"}],"author":[{"embeddable":true,"href":"https:\/\/legilius.sk\/hu\/wp-json\/wp\/v2\/users\/8"}],"replies":[{"embeddable":true,"href":"https:\/\/legilius.sk\/hu\/wp-json\/wp\/v2\/comments?post=39253"}],"version-history":[{"count":4,"href":"https:\/\/legilius.sk\/hu\/wp-json\/wp\/v2\/posts\/39253\/revisions"}],"predecessor-version":[{"id":39262,"href":"https:\/\/legilius.sk\/hu\/wp-json\/wp\/v2\/posts\/39253\/revisions\/39262"}],"wp:featuredmedia":[{"embeddable":true,"href":"https:\/\/legilius.sk\/hu\/wp-json\/wp\/v2\/media\/39258"}],"wp:attachment":[{"href":"https:\/\/legilius.sk\/hu\/wp-json\/wp\/v2\/media?parent=39253"}],"wp:term":[{"taxonomy":"category","embeddable":true,"href":"https:\/\/legilius.sk\/hu\/wp-json\/wp\/v2\/categories?post=39253"},{"taxonomy":"post_tag","embeddable":true,"href":"https:\/\/legilius.sk\/hu\/wp-json\/wp\/v2\/tags?post=39253"}],"curies":[{"name":"wp","href":"https:\/\/api.w.org\/{rel}","templated":true}]}}