{"id":39279,"date":"2025-11-24T14:13:33","date_gmt":"2025-11-24T13:13:33","guid":{"rendered":"https:\/\/legilius.sk\/?p=39279"},"modified":"2025-11-25T14:45:00","modified_gmt":"2025-11-25T13:45:00","slug":"a-slovensko-sk-elektronikus-postafiok-aktivalasa-es-annak-kovetkezmenyei-termeszetes-szemelyek-szamara","status":"publish","type":"post","link":"https:\/\/legilius.sk\/hu\/a-slovensko-sk-elektronikus-postafiok-aktivalasa-es-annak-kovetkezmenyei-termeszetes-szemelyek-szamara\/","title":{"rendered":"A slovensko.sk elektronikus postafi\u00f3k aktiv\u00e1l\u00e1sa \u00e9s annak k\u00f6vetkezm\u00e9nyei term\u00e9szetes szem\u00e9lyek sz\u00e1m\u00e1ra"},"content":{"rendered":"<p><span style=\"color: #000000;\"><div class=\"post-views content-post post-39279 entry-meta load-static\">\r\n\t\t\t\t<span class=\"post-views-icon dashicons dashicons-visibility\"><\/span> <span class=\"post-views-label\"><\/span> <span class=\"post-views-count\">45<\/span>\r\n\t\t\t<\/div><\/span><\/p>\n<p>&nbsp;<\/p>\n<hr \/>\n<p>&nbsp;<\/p>\n<p><span style=\"font-family: arial, helvetica, sans-serif; font-size: 12pt; color: #000000;\">A slovensko.sk elektronikus postafi\u00f3k aktiv\u00e1l\u00e1sa \u00e9s annak k\u00f6vetkezm\u00e9nyei term\u00e9szetes szem\u00e9lyek sz\u00e1m\u00e1ra<br \/>\n(2025.11.24.)<\/span><\/p>\n<p><span style=\"font-family: arial, helvetica, sans-serif; font-size: 12pt; color: #000000;\">A Szlov\u00e1k K\u00f6zt\u00e1rsas\u00e1g k\u00f6zigazgat\u00e1s\u00e1nak digitaliz\u00e1ci\u00f3ja alapvet\u0151en megv\u00e1ltoztatta az \u00e1llampolg\u00e1rok \u00e9s a k\u00f6zhatalmi szervek k\u00f6z\u00f6tti kommunik\u00e1ci\u00f3t. Ennek az \u00e1talakul\u00e1snak kulcsfontoss\u00e1g\u00fa eszk\u00f6zei a K\u00f6zponti K\u00f6zigazgat\u00e1si Port\u00e1lon (slovensko.sk) m\u0171k\u00f6d\u0151 elektronikus postafi\u00f3kok. A jogi szem\u00e9lyekt\u0151l \u00e9s a k\u00f6zhatalmi szervekt\u0151l elt\u00e9r\u0151en a term\u00e9szetes szem\u00e9lyek sz\u00e1m\u00e1ra az elektronikus postafi\u00f3k aktiv\u00e1l\u00e1sa \u00f6nk\u00e9ntes. A jelen cikk a term\u00e9szetes szem\u00e9lyek elektronikus postafi\u00f3kj\u00e1nak aktiv\u00e1l\u00e1s\u00e1ra vonatkoz\u00f3 jogi keretet \u00e9s ennek gyakorlati k\u00f6vetkezm\u00e9nyeit elemzi.<\/span><\/p>\n<p><span style=\"font-family: arial, helvetica, sans-serif; font-size: 12pt; color: #000000;\"><strong>A postafi\u00f3k l\u00e9trehoz\u00e1sa \u00e9s aktiv\u00e1l\u00e1sa k\u00f6z\u00f6tti k\u00fcl\u00f6nbs\u00e9g<br \/>\n<\/strong>Az elektronikus postafi\u00f3kok jogi szab\u00e1lyoz\u00e1sa a 305\/2013. sz. t\u00f6rv\u00e9nyen (az \u00fan. e-Government t\u00f6rv\u00e9nyen) alapul. Elemz\u00e9skor sz\u00fcks\u00e9ges megk\u00fcl\u00f6nb\u00f6ztetni a postafi\u00f3k l\u00e9trehoz\u00e1s\u00e1t \u00e9s annak aktiv\u00e1l\u00e1s\u00e1t. A l\u00e9trehoz\u00e1s azt jelenti, hogy a postafi\u00f3k technikailag l\u00e9tezik \u00e9s hozz\u00e1rendelt\u00e9k az adott szem\u00e9lyhez. Az aktiv\u00e1l\u00e1s pedig azt a st\u00e1tuszt jelenti, amelyben a postafi\u00f3kra elektronikusan, teljes joghat\u00e1ssal lehet k\u00e9zbes\u00edteni.<\/span><\/p>\n<p><span style=\"font-family: arial, helvetica, sans-serif; font-size: 12pt; color: #000000;\">A t\u00f6rv\u00e9ny 12. \u00a7 (4) bekezd\u00e9se szerint a term\u00e9szetes szem\u00e9lyek \u2013 nem v\u00e1llalkoz\u00f3k, szlov\u00e1k \u00e1llampolg\u00e1rok \u2013 elektronikus postafi\u00f3kja 18 \u00e9ves koruk bet\u00f6lt\u00e9sekor automatikusan l\u00e9trej\u00f6n. Az elektronikus postafi\u00f3k teh\u00e1t minden nagykor\u00fa \u00e1llampolg\u00e1r sz\u00e1m\u00e1ra automatikusan l\u00e9trej\u00f6n, de nem aktiv\u00e1l\u00f3dik k\u00e9zbes\u00edt\u00e9sre. A term\u00e9szetes szem\u00e9ly postafi\u00f3kja csak az \u00e9rintett kifejezett k\u00e9relme alapj\u00e1n aktiv\u00e1lhat\u00f3, a postafi\u00f3kban el\u00e9rhet\u0151 funkci\u00f3 seg\u00edts\u00e9g\u00e9vel.<\/span><\/p>\n<p><span style=\"font-family: arial, helvetica, sans-serif; font-size: 12pt; color: #000000;\">A term\u00e9szetes szem\u00e9ly k\u00e9s\u0151bb k\u00e9rheti a postafi\u00f3k deaktiv\u00e1l\u00e1s\u00e1t is, ha m\u00e1r nem k\u00edv\u00e1nja elektronikusan fogadni a hivatalos iratokat (\u00a7 14 az e-Government t\u00f6rv\u00e9nyb\u0151l).<\/span><\/p>\n<p><span style=\"font-family: arial, helvetica, sans-serif; font-size: 12pt; color: #000000;\"><strong>Az aktiv\u00e1l\u00e1s jogi k\u00f6vetkezm\u00e9nyei<br \/>\n<\/strong>Az aktiv\u00e1l\u00e1s ut\u00e1n az elektronikus postafi\u00f3k az els\u0151dleges k\u00e9zbes\u00edt\u00e9si hely\u00e9v\u00e9 v\u00e1lik az \u00e1llami szervek hat\u00e1rozatainak \u00e9s egy\u00e9b hivatalos iratainak. Az elektronikus postafi\u00f3kra t\u00f6rt\u00e9n\u0151 k\u00e9zbes\u00edt\u00e9s ugyanolyan joghat\u00e1ssal b\u00edr, mint a pap\u00edralap\u00fa k\u00e9zbes\u00edt\u00e9s, vagyis a hat\u00e1rozatok akkor is joghat\u00e1lyoss\u00e1 v\u00e1lnak, ha a c\u00edmzett azokat t\u00e9nylegesen nem vette \u00e1t.<\/span><\/p>\n<p><span style=\"font-family: arial, helvetica, sans-serif; font-size: 12pt; color: #000000;\">A \u201esaj\u00e1t k\u00e9zbe\u201d k\u00e9zbes\u00edtett k\u00fcldem\u00e9nyek t\u00e1rol\u00e1si ideje 15 nap a let\u00e9tbe helyez\u00e9s napj\u00e1t k\u00f6vet\u0151 napt\u00f3l sz\u00e1m\u00edtva. Ha az \u00e1llampolg\u00e1r a k\u00fcldem\u00e9nyt ezen id\u0151 alatt nem veszi \u00e1t, a 15 nap letelt\u00e9vel k\u00e9zbes\u00edtettnek min\u0151s\u00fcl. Az \u201e\u00e1ltal\u00e1nos\u201d k\u00fcldem\u00e9nyek a postafi\u00f3kba t\u00f6rt\u00e9n\u0151 meg\u00e9rkez\u00e9s pillanat\u00e1ban k\u00e9zbes\u00edtettnek sz\u00e1m\u00edtanak.<\/span><\/p>\n<p><span style=\"font-family: arial, helvetica, sans-serif; font-size: 12pt; color: #000000;\">A jogorvoslati hat\u00e1rid\u0151k elmulaszt\u00e1sa vagy a sz\u00fcks\u00e9ges nyilatkozatok hat\u00e1rid\u0151n t\u00fali beny\u00fajt\u00e1sa s\u00falyos k\u00f6vetkezm\u00e9nyekkel j\u00e1rhat \u2013 a jogv\u00e9delem elveszt\u00e9s\u00e9t\u0151l eg\u00e9szen a szankci\u00f3kig.<\/span><\/p>\n<p><span style=\"font-family: arial, helvetica, sans-serif; font-size: 12pt; color: #000000;\"><span style=\"text-decoration: underline;\"><strong>Az aktiv\u00e1l\u00e1s el\u0151nyei \u00e9s kock\u00e1zatai<\/strong><\/span><br \/>\n<strong>El\u0151ny\u00f6k:<br \/>\n<\/strong>\u2013 gyorsabb kommunik\u00e1ci\u00f3 a k\u00f6zhatalmi szervekkel,<br \/>\n\u2013 \u00e1ttekinthet\u0151 arch\u00edvum az \u00f6sszes k\u00e9zbes\u00edtett dokumentummal,<br \/>\n\u2013 k\u00f6rnyezetbar\u00e1t k\u00e9zbes\u00edt\u00e9si forma,<br \/>\n\u2013 azonnali reag\u00e1l\u00e1si lehet\u0151s\u00e9g a k\u00e9zbes\u00edtett hat\u00e1rozatokra.<br \/>\n<\/span><\/p>\n<p><span style=\"font-family: arial, helvetica, sans-serif; font-size: 12pt; color: #000000;\"><strong>Kock\u00e1zatok:<\/strong><\/span><br \/>\n<span style=\"font-family: arial, helvetica, sans-serif; font-size: 12pt; color: #000000;\">\u2013 a postafi\u00f3k rendszeres ellen\u0151rz\u00e9s\u00e9nek k\u00f6telezetts\u00e9ge,<\/span><br \/>\n<span style=\"font-family: arial, helvetica, sans-serif; font-size: 12pt; color: #000000;\">\u2013 hat\u00e1rid\u0151k elmulaszt\u00e1s\u00e1nak kock\u00e1zata, ha a felhaszn\u00e1l\u00f3nak nincs be\u00e1ll\u00edtva \u00e9rtes\u00edt\u00e9s, nem figyeli azt, vagy az \u00e9rtes\u00edt\u00e9sek nem m\u0171k\u00f6dnek,<\/span><br \/>\n<span style=\"font-family: arial, helvetica, sans-serif; font-size: 12pt; color: #000000;\">\u2013 a k\u00e9zbes\u00edt\u00e9s joghat\u00e1sa f\u00fcggetlen att\u00f3l, hogy az \u00e9rtes\u00edt\u00e9s meg\u00e9rkezett-e.<\/span><\/p>\n<p><span style=\"font-family: arial, helvetica, sans-serif; font-size: 12pt; color: #000000;\"><strong>\u00c9rtes\u00edt\u00e9sek (notifik\u00e1ci\u00f3k)<br \/>\n<\/strong>Aj\u00e1nlott e-mail- \u00e9s SMS-\u00e9rtes\u00edt\u00e9seket be\u00e1ll\u00edtani az \u00faj \u00fczenetekr\u0151l. Ezek az \u00e9rtes\u00edt\u00e9sek azonban nem helyettes\u00edtik a t\u00e9nyleges k\u00e9zbes\u00edt\u00e9st. A joghat\u00e1s a k\u00fcldem\u00e9ny \u00e1tv\u00e9tel\u00e9vel vagy a t\u00e1rol\u00e1si id\u0151 lej\u00e1rt\u00e1val \u00e1ll be.<br \/>\n<\/span><\/p>\n<p><span style=\"font-family: arial, helvetica, sans-serif; font-size: 12pt; color: #000000;\"><strong>Hozz\u00e1f\u00e9r\u00e9si jogok \u00e9s meghatalmaz\u00e1sok<br \/>\n<\/strong>Az elektronikus postafi\u00f3k lehet\u0151v\u00e9 teszi m\u00e1s szem\u00e9lyek \u2013 p\u00e9ld\u00e1ul \u00fcgyv\u00e9d vagy csal\u00e1dtag \u2013 r\u00e9sz\u00e9re t\u00f6rt\u00e9n\u0151 hozz\u00e1f\u00e9r\u00e9s enged\u00e9lyez\u00e9s\u00e9t. Ezek a jogosults\u00e1gok a \u201eSzem\u00e9lyek \u00e9s hozz\u00e1f\u00e9r\u00e9sek\u201d r\u00e9szben kezelhet\u0151k.<br \/>\n<\/span><\/p>\n<p><span style=\"font-family: arial, helvetica, sans-serif; font-size: 12pt; color: #000000;\"><strong>Z\u00e1r\u00f3 megjegyz\u00e9sek \u00e9s aj\u00e1nl\u00e1sok<\/strong><\/span><br \/>\n<span style=\"font-family: arial, helvetica, sans-serif; font-size: 12pt; color: #000000;\">A slovensko.sk elektronikus postafi\u00f3k aktiv\u00e1l\u00e1sa \u00f6nk\u00e9ntes d\u00f6nt\u00e9s, amely el\u0151ny\u00f6kkel, ugyanakkor felel\u0151ss\u00e9ggel is j\u00e1r. Az \u00e1llampolg\u00e1rnak m\u00e9rlegelnie kell technikai k\u00e9szs\u00e9geit, id\u0151beli lehet\u0151s\u00e9geit \u00e9s azt, hogy k\u00e9pes-e rendszeresen ellen\u0151rizni a postafi\u00f3k tartalm\u00e1t. Azok sz\u00e1m\u00e1ra, akik a hagyom\u00e1nyos pap\u00edralap\u00fa k\u00e9zbes\u00edt\u00e9st r\u00e9szes\u00edtik el\u0151nyben, vagy bizonytalanok abban, hogy rendszeresen fogj\u00e1k-e ellen\u0151rizni a postafi\u00f3kot, c\u00e9lszer\u0171 lehet az aktiv\u00e1latlan \u00e1llapot fenntart\u00e1sa.<\/span><\/p>\n<p><span style=\"font-family: arial, helvetica, sans-serif; font-size: 12pt; color: #000000;\"><strong>Aktiv\u00e1lt postafi\u00f3k eset\u00e9n aj\u00e1nlott:<\/strong><br \/>\n\u2013 e-mail- \u00e9s SMS-\u00e9rtes\u00edt\u00e9sek be\u00e1ll\u00edt\u00e1sa,<br \/>\n\u2013 a postafi\u00f3k legal\u00e1bb heti egyszeri ellen\u0151rz\u00e9se,<br \/>\n\u2013 egy megb\u00edzhat\u00f3 szem\u00e9ly sz\u00e1m\u00e1ra hozz\u00e1f\u00e9r\u00e9s biztos\u00edt\u00e1sa.<\/span><\/p>\n<p><span style=\"color: #000000;\"><span style=\"font-family: arial, helvetica, sans-serif; font-size: 12pt;\">A felel\u0151ss\u00e9gteljes hozz\u00e1\u00e1ll\u00e1s kulcsfontoss\u00e1g\u00fa a kedvez\u0151tlen jogk\u00f6vetkezm\u00e9nyek megel\u0151z\u00e9s\u00e9ben.<\/span><\/span><\/p>\n<p><span style=\"color: #000000;\"><div class='bootstrap-yop yop-poll-mc'>\n\t\t\t\t\t\t\t<div class=\"basic-yop-poll-container\" style=\"background-color:#ffffff; border:0px; border-style:solid; border-color:#000000; border-radius:5px; padding:10px 10px;\" data-id=\"34\" data-temp=\"basic\" data-skin=\"minimal\" data-cscheme=\"black\" data-cap=\"4\" data-access=\"guest\" data-tid=\"\" data-uid=\"be4e54aa89a83082988e9dc92a011cd5\" data-pid=\"39279\" data-resdet=\"votes-number,percentages\" data-show-results-to=\"guest,registered\" data-show-results-moment=\"before-vote\" data-show-results-only=\"false\" data-show-message=\"true\" data-show-results-as=\"bar\" data-sort-results-by=\"number-of-votes\" data-sort-results-rule=\"asc\"data-is-ended=\"0\" data-gdpr=\"no\" data-gdpr-sol=\"consent\" data-css=\".basic-yop-poll-container[data-uid] .basic-vote {\n\t\t\t\t\t\t\t\t\ttext-align: center;\n\t\t\t\t\t\t\t\t}\n\n\/*tlacitko*\/\na.button.basic-vote-button {\nmargin-top: 20px;\nbackground: #c1b3af!Important;\ncolor: black!Important;\ntransition: all 0.3s ease-out;\n}\na.button.basic-vote-button:hover {\nmargin-top: 20px;\nbackground: #695853!Important;\ncolor: #c1b3af!Important;\n}\n\n\/*zmena farby grafu hodnotenia*\/\n.progress-bar.six-sec-ease-in-out {\n    background: #ffc70a!Important;\n}\n\n\/*odpoved*\/\nli.basic-answer.col-xs-6.col-sm-6.col-md-6 {\n    margin-left: -15px;\n}\n\" data-counter=\"0\" data-load-with=\"1\" data-notification-section=\"top\"><div class=\"row\"><div class=\"col-md-12\"><div class=\"basic-inner\"><div class=\"basic-message hide\" style=\"border-left: 10px solid #ffc70a; padding: 0px 10px;\" data-error=\"#ff0000\" data-success=\"#ffc70a\"><p class=\"basic-message-text\" style=\"color:#000000; font-size:18px; font-weight:normal;\"><\/p><\/div><div class=\"basic-overlay hide\"><div class=\"basic-vote-options\"><\/div><div class=\"basic-preloader\"><div class=\"basic-windows8\"><div class=\"basic-wBall basic-wBall_1\"><div class=\"basic-wInnerBall\"><\/div><\/div><div class=\"basic-wBall basic-wBall_2\"><div class=\"basic-wInnerBall\"><\/div><\/div><div class=\"basic-wBall basic-wBall_3\"><div class=\"basic-wInnerBall\"><\/div><\/div><div class=\"basic-wBall basic-wBall_4\"><div class=\"basic-wInnerBall\"><\/div><\/div><div class=\"basic-wBall basic-wBall_5\"><div class=\"basic-wInnerBall\"><\/div><\/div><\/div><\/div><\/div><form class=\"basic-form\"><input type=\"hidden\" name=\"_token\" value=\"060940ed52\" autocomplete=\"off\"><div class=\"basic-elements\"><div class=\"basic-element basic-question basic-question-text-horizontal\" data-id=\"34\" data-uid=\"f0ae6e89262c6562c3a3ecf81db38750\" data-type=\"question\" data-question-type=\"text\" data-allow-multiple=\"no\" data-min=\"1\" data-max=\"1\" data-display=\"horizontal\" data-colnum=\"\" data-display-others=\"no\" data-others-color=\"\" data-others=\"\"><div role=\"heading\" aria-level=\"5\" class=\"basic-question-title\" style=\"color:#000000; font-size:18px; font-weight:bold; text-align:left;\">Hasznos volt ez a cikk?<\/div><ul class=\"basic-answers basic-h-answers\"><li class=\"basic-answer col-xs-6 col-sm-6 col-md-6\" style=\"padding:0px 0px;\" data-id=\"67\" data-type=\"text\" data-vn=\"0\" data-color=\"#000000\" data-make-link=\"no\" data-link=\"\"><div class=\"basic-answer-content basic-text-horizontal\"><label for=\"answer[67]\" class=\"basic-answer-label\"><input type=\"radio\" id=\"answer[67]\" name=\"answer[34]\" value=\"67\" autocomplete=\"off\"><span class=\"basic-text\" style=\"color: #000000; font-size: 18px; font-weight: normal;\" tabindex=\"0\">Igen<\/span><\/label><\/div><\/li><li class=\"basic-answer col-xs-6 col-sm-6 col-md-6\" style=\"padding:0px 0px;\" data-id=\"68\" data-type=\"text\" data-vn=\"0\" data-color=\"#000000\" data-make-link=\"no\" data-link=\"\"><div class=\"basic-answer-content basic-text-horizontal\"><label for=\"answer[68]\" class=\"basic-answer-label\"><input type=\"radio\" id=\"answer[68]\" name=\"answer[34]\" value=\"68\" autocomplete=\"off\"><span class=\"basic-text\" style=\"color: #000000; font-size: 18px; font-weight: normal;\" tabindex=\"0\">Nem<\/span><\/label><\/div><\/li><\/ul><\/div><div class=\"clearfix\"><\/div><\/div><div id=\"yop-poll-captcha-be4e54aa89a83082988e9dc92a011cd5\" class=\"basic-captcha\"><\/div><div class=\"basic-vote\"><a href=\"#\" class=\"button basic-vote-button\" role=\"button\" style=\"background:#19234e; border:1px; border-style: solid; border-color:#000000; border-radius:3px; padding:10px 30px; color:#ffffff; font-size:21px; font-weight:normal;\">Szavaz\u00e1s<\/a><\/div><\/form><\/div><\/div><\/div><\/div>\n\t\t\t\t\t\t<\/div><\/span><\/p>\n","protected":false},"excerpt":{"rendered":"<p>&nbsp; &nbsp; A slovensko.sk elektronikus postafi\u00f3k aktiv\u00e1l\u00e1sa \u00e9s annak k\u00f6vetkezm\u00e9nyei term\u00e9szetes szem\u00e9lyek sz\u00e1m\u00e1ra (2025.11.24.) A Szlov\u00e1k K\u00f6zt\u00e1rsas\u00e1g k\u00f6zigazgat\u00e1s\u00e1nak digitaliz\u00e1ci\u00f3ja alapvet\u0151en megv\u00e1ltoztatta az \u00e1llampolg\u00e1rok \u00e9s a k\u00f6zhatalmi szervek k\u00f6z\u00f6tti kommunik\u00e1ci\u00f3t. Ennek az \u00e1talakul\u00e1snak kulcsfontoss\u00e1g\u00fa eszk\u00f6zei a K\u00f6zponti K\u00f6zigazgat\u00e1si Port\u00e1lon (slovensko.sk) m\u0171k\u00f6d\u0151 elektronikus postafi\u00f3kok. A jogi szem\u00e9lyekt\u0151l \u00e9s a k\u00f6zhatalmi szervekt\u0151l elt\u00e9r\u0151en a term\u00e9szetes szem\u00e9lyek sz\u00e1m\u00e1ra az [&hellip;]<\/p>\n","protected":false},"author":8,"featured_media":39285,"comment_status":"open","ping_status":"closed","sticky":false,"template":"","format":"standard","meta":{"_et_pb_use_builder":"off","_et_pb_old_content":"","_et_gb_content_width":"","footnotes":""},"categories":[53],"tags":[],"class_list":["post-39279","post","type-post","status-publish","format-standard","has-post-thumbnail","hentry","category-uncategorized-hu"],"yoast_head":"<!-- This site is optimized with the Yoast SEO plugin v27.0 - https:\/\/yoast.com\/product\/yoast-seo-wordpress\/ -->\n<title>A slovensko.sk elektronikus postafi\u00f3k aktiv\u00e1l\u00e1sa \u00e9s k\u00f6vetkezm\u00e9nyei<\/title>\n<meta name=\"description\" content=\"A k\u00f6zigazgat\u00e1s digitaliz\u00e1ci\u00f3ja megv\u00e1ltoztatta az \u00e1llampolg\u00e1rok \u00e9s a k\u00f6zhatalmi szervek k\u00f6z\u00f6tti kommunik\u00e1ci\u00f3t.\" \/>\n<meta name=\"robots\" content=\"index, follow, max-snippet:-1, max-image-preview:large, max-video-preview:-1\" \/>\n<link rel=\"canonical\" href=\"https:\/\/legilius.sk\/hu\/a-slovensko-sk-elektronikus-postafiok-aktivalasa-es-annak-kovetkezmenyei-termeszetes-szemelyek-szamara\/\" \/>\n<meta property=\"og:locale\" content=\"hu_HU\" \/>\n<meta property=\"og:type\" content=\"article\" \/>\n<meta property=\"og:title\" content=\"A slovensko.sk elektronikus postafi\u00f3k aktiv\u00e1l\u00e1sa \u00e9s k\u00f6vetkezm\u00e9nyei\" \/>\n<meta property=\"og:description\" content=\"A k\u00f6zigazgat\u00e1s digitaliz\u00e1ci\u00f3ja megv\u00e1ltoztatta az \u00e1llampolg\u00e1rok \u00e9s a k\u00f6zhatalmi szervek k\u00f6z\u00f6tti kommunik\u00e1ci\u00f3t.\" \/>\n<meta property=\"og:url\" content=\"https:\/\/legilius.sk\/hu\/a-slovensko-sk-elektronikus-postafiok-aktivalasa-es-annak-kovetkezmenyei-termeszetes-szemelyek-szamara\/\" \/>\n<meta property=\"og:site_name\" content=\"JUDr. Zuzana Tak\u00e1csov\u00e1, Advok\u00e1tka\" \/>\n<meta property=\"article:published_time\" content=\"2025-11-24T13:13:33+00:00\" \/>\n<meta property=\"article:modified_time\" content=\"2025-11-25T13:45:00+00:00\" \/>\n<meta property=\"og:image\" content=\"https:\/\/legilius.sk\/wp-content\/uploads\/2025\/11\/image_2025-11-25_142744500.png\" \/>\n\t<meta property=\"og:image:width\" content=\"726\" \/>\n\t<meta property=\"og:image:height\" content=\"500\" \/>\n\t<meta property=\"og:image:type\" content=\"image\/png\" \/>\n<meta name=\"author\" content=\"JUDr. Zuzana Tak\u00e1csov\u00e1\" \/>\n<meta name=\"twitter:label1\" content=\"Szerz\u0151:\" \/>\n\t<meta name=\"twitter:data1\" content=\"JUDr. Zuzana Tak\u00e1csov\u00e1\" \/>\n\t<meta name=\"twitter:label2\" content=\"Becs\u00fclt olvas\u00e1si id\u0151\" \/>\n\t<meta name=\"twitter:data2\" content=\"4 perc\" \/>\n<script type=\"application\/ld+json\" class=\"yoast-schema-graph\">{\"@context\":\"https:\/\/schema.org\",\"@graph\":[{\"@type\":\"Article\",\"@id\":\"https:\/\/legilius.sk\/hu\/a-slovensko-sk-elektronikus-postafiok-aktivalasa-es-annak-kovetkezmenyei-termeszetes-szemelyek-szamara\/#article\",\"isPartOf\":{\"@id\":\"https:\/\/legilius.sk\/hu\/a-slovensko-sk-elektronikus-postafiok-aktivalasa-es-annak-kovetkezmenyei-termeszetes-szemelyek-szamara\/\"},\"author\":{\"name\":\"JUDr. Zuzana Tak\u00e1csov\u00e1\",\"@id\":\"https:\/\/legilius.sk\/#\/schema\/person\/45b9a4df4bc6643942076f2253af1044\"},\"headline\":\"A slovensko.sk elektronikus postafi\u00f3k aktiv\u00e1l\u00e1sa \u00e9s annak k\u00f6vetkezm\u00e9nyei term\u00e9szetes szem\u00e9lyek sz\u00e1m\u00e1ra\",\"datePublished\":\"2025-11-24T13:13:33+00:00\",\"dateModified\":\"2025-11-25T13:45:00+00:00\",\"mainEntityOfPage\":{\"@id\":\"https:\/\/legilius.sk\/hu\/a-slovensko-sk-elektronikus-postafiok-aktivalasa-es-annak-kovetkezmenyei-termeszetes-szemelyek-szamara\/\"},\"wordCount\":974,\"commentCount\":0,\"publisher\":{\"@id\":\"https:\/\/legilius.sk\/#organization\"},\"image\":{\"@id\":\"https:\/\/legilius.sk\/hu\/a-slovensko-sk-elektronikus-postafiok-aktivalasa-es-annak-kovetkezmenyei-termeszetes-szemelyek-szamara\/#primaryimage\"},\"thumbnailUrl\":\"https:\/\/legilius.sk\/wp-content\/uploads\/2025\/11\/image_2025-11-25_142744500.png\",\"articleSection\":[\"Uncategorized @hu\"],\"inLanguage\":\"hu\",\"potentialAction\":[{\"@type\":\"CommentAction\",\"name\":\"Comment\",\"target\":[\"https:\/\/legilius.sk\/hu\/a-slovensko-sk-elektronikus-postafiok-aktivalasa-es-annak-kovetkezmenyei-termeszetes-szemelyek-szamara\/#respond\"]}]},{\"@type\":\"WebPage\",\"@id\":\"https:\/\/legilius.sk\/hu\/a-slovensko-sk-elektronikus-postafiok-aktivalasa-es-annak-kovetkezmenyei-termeszetes-szemelyek-szamara\/\",\"url\":\"https:\/\/legilius.sk\/hu\/a-slovensko-sk-elektronikus-postafiok-aktivalasa-es-annak-kovetkezmenyei-termeszetes-szemelyek-szamara\/\",\"name\":\"A slovensko.sk elektronikus postafi\u00f3k aktiv\u00e1l\u00e1sa \u00e9s k\u00f6vetkezm\u00e9nyei\",\"isPartOf\":{\"@id\":\"https:\/\/legilius.sk\/#website\"},\"primaryImageOfPage\":{\"@id\":\"https:\/\/legilius.sk\/hu\/a-slovensko-sk-elektronikus-postafiok-aktivalasa-es-annak-kovetkezmenyei-termeszetes-szemelyek-szamara\/#primaryimage\"},\"image\":{\"@id\":\"https:\/\/legilius.sk\/hu\/a-slovensko-sk-elektronikus-postafiok-aktivalasa-es-annak-kovetkezmenyei-termeszetes-szemelyek-szamara\/#primaryimage\"},\"thumbnailUrl\":\"https:\/\/legilius.sk\/wp-content\/uploads\/2025\/11\/image_2025-11-25_142744500.png\",\"datePublished\":\"2025-11-24T13:13:33+00:00\",\"dateModified\":\"2025-11-25T13:45:00+00:00\",\"description\":\"A k\u00f6zigazgat\u00e1s digitaliz\u00e1ci\u00f3ja megv\u00e1ltoztatta az \u00e1llampolg\u00e1rok \u00e9s a k\u00f6zhatalmi szervek k\u00f6z\u00f6tti kommunik\u00e1ci\u00f3t.\",\"breadcrumb\":{\"@id\":\"https:\/\/legilius.sk\/hu\/a-slovensko-sk-elektronikus-postafiok-aktivalasa-es-annak-kovetkezmenyei-termeszetes-szemelyek-szamara\/#breadcrumb\"},\"inLanguage\":\"hu\",\"potentialAction\":[{\"@type\":\"ReadAction\",\"target\":[\"https:\/\/legilius.sk\/hu\/a-slovensko-sk-elektronikus-postafiok-aktivalasa-es-annak-kovetkezmenyei-termeszetes-szemelyek-szamara\/\"]}]},{\"@type\":\"ImageObject\",\"inLanguage\":\"hu\",\"@id\":\"https:\/\/legilius.sk\/hu\/a-slovensko-sk-elektronikus-postafiok-aktivalasa-es-annak-kovetkezmenyei-termeszetes-szemelyek-szamara\/#primaryimage\",\"url\":\"https:\/\/legilius.sk\/wp-content\/uploads\/2025\/11\/image_2025-11-25_142744500.png\",\"contentUrl\":\"https:\/\/legilius.sk\/wp-content\/uploads\/2025\/11\/image_2025-11-25_142744500.png\",\"width\":726,\"height\":500},{\"@type\":\"BreadcrumbList\",\"@id\":\"https:\/\/legilius.sk\/hu\/a-slovensko-sk-elektronikus-postafiok-aktivalasa-es-annak-kovetkezmenyei-termeszetes-szemelyek-szamara\/#breadcrumb\",\"itemListElement\":[{\"@type\":\"ListItem\",\"position\":1,\"name\":\"Home\",\"item\":\"https:\/\/legilius.sk\/hu\/\"},{\"@type\":\"ListItem\",\"position\":2,\"name\":\"A slovensko.sk elektronikus postafi\u00f3k aktiv\u00e1l\u00e1sa \u00e9s annak k\u00f6vetkezm\u00e9nyei term\u00e9szetes szem\u00e9lyek sz\u00e1m\u00e1ra\"}]},{\"@type\":\"WebSite\",\"@id\":\"https:\/\/legilius.sk\/#website\",\"url\":\"https:\/\/legilius.sk\/\",\"name\":\"JUDr. Zuzana Tak\u00e1csov\u00e1, Advok\u00e1tka\",\"description\":\"\",\"publisher\":{\"@id\":\"https:\/\/legilius.sk\/#organization\"},\"potentialAction\":[{\"@type\":\"SearchAction\",\"target\":{\"@type\":\"EntryPoint\",\"urlTemplate\":\"https:\/\/legilius.sk\/?s={search_term_string}\"},\"query-input\":{\"@type\":\"PropertyValueSpecification\",\"valueRequired\":true,\"valueName\":\"search_term_string\"}}],\"inLanguage\":\"hu\"},{\"@type\":\"Organization\",\"@id\":\"https:\/\/legilius.sk\/#organization\",\"name\":\"LEGILIUS\",\"url\":\"https:\/\/legilius.sk\/\",\"logo\":{\"@type\":\"ImageObject\",\"inLanguage\":\"hu\",\"@id\":\"https:\/\/legilius.sk\/#\/schema\/logo\/image\/\",\"url\":\"https:\/\/legilius.sk\/wp-content\/uploads\/2021\/12\/legilius-logo-final.png\",\"contentUrl\":\"https:\/\/legilius.sk\/wp-content\/uploads\/2021\/12\/legilius-logo-final.png\",\"width\":250,\"height\":77,\"caption\":\"LEGILIUS\"},\"image\":{\"@id\":\"https:\/\/legilius.sk\/#\/schema\/logo\/image\/\"}},{\"@type\":\"Person\",\"@id\":\"https:\/\/legilius.sk\/#\/schema\/person\/45b9a4df4bc6643942076f2253af1044\",\"name\":\"JUDr. Zuzana Tak\u00e1csov\u00e1\",\"image\":{\"@type\":\"ImageObject\",\"inLanguage\":\"hu\",\"@id\":\"https:\/\/legilius.sk\/#\/schema\/person\/image\/\",\"url\":\"https:\/\/secure.gravatar.com\/avatar\/c38efbd933dce54b6c2973bb608b197f752db76640842d28670a13b4fe31aa2e?s=96&d=mm&r=g\",\"contentUrl\":\"https:\/\/secure.gravatar.com\/avatar\/c38efbd933dce54b6c2973bb608b197f752db76640842d28670a13b4fe31aa2e?s=96&d=mm&r=g\",\"caption\":\"JUDr. Zuzana Tak\u00e1csov\u00e1\"},\"url\":\"https:\/\/legilius.sk\/hu\/author\/legilius\/\"}]}<\/script>\n<!-- \/ Yoast SEO plugin. -->","yoast_head_json":{"title":"A slovensko.sk elektronikus postafi\u00f3k aktiv\u00e1l\u00e1sa \u00e9s k\u00f6vetkezm\u00e9nyei","description":"A k\u00f6zigazgat\u00e1s digitaliz\u00e1ci\u00f3ja megv\u00e1ltoztatta az \u00e1llampolg\u00e1rok \u00e9s a k\u00f6zhatalmi szervek k\u00f6z\u00f6tti kommunik\u00e1ci\u00f3t.","robots":{"index":"index","follow":"follow","max-snippet":"max-snippet:-1","max-image-preview":"max-image-preview:large","max-video-preview":"max-video-preview:-1"},"canonical":"https:\/\/legilius.sk\/hu\/a-slovensko-sk-elektronikus-postafiok-aktivalasa-es-annak-kovetkezmenyei-termeszetes-szemelyek-szamara\/","og_locale":"hu_HU","og_type":"article","og_title":"A slovensko.sk elektronikus postafi\u00f3k aktiv\u00e1l\u00e1sa \u00e9s k\u00f6vetkezm\u00e9nyei","og_description":"A k\u00f6zigazgat\u00e1s digitaliz\u00e1ci\u00f3ja megv\u00e1ltoztatta az \u00e1llampolg\u00e1rok \u00e9s a k\u00f6zhatalmi szervek k\u00f6z\u00f6tti kommunik\u00e1ci\u00f3t.","og_url":"https:\/\/legilius.sk\/hu\/a-slovensko-sk-elektronikus-postafiok-aktivalasa-es-annak-kovetkezmenyei-termeszetes-szemelyek-szamara\/","og_site_name":"JUDr. Zuzana Tak\u00e1csov\u00e1, Advok\u00e1tka","article_published_time":"2025-11-24T13:13:33+00:00","article_modified_time":"2025-11-25T13:45:00+00:00","og_image":[{"width":726,"height":500,"url":"https:\/\/legilius.sk\/wp-content\/uploads\/2025\/11\/image_2025-11-25_142744500.png","type":"image\/png"}],"author":"JUDr. Zuzana Tak\u00e1csov\u00e1","twitter_misc":{"Szerz\u0151:":"JUDr. Zuzana Tak\u00e1csov\u00e1","Becs\u00fclt olvas\u00e1si id\u0151":"4 perc"},"schema":{"@context":"https:\/\/schema.org","@graph":[{"@type":"Article","@id":"https:\/\/legilius.sk\/hu\/a-slovensko-sk-elektronikus-postafiok-aktivalasa-es-annak-kovetkezmenyei-termeszetes-szemelyek-szamara\/#article","isPartOf":{"@id":"https:\/\/legilius.sk\/hu\/a-slovensko-sk-elektronikus-postafiok-aktivalasa-es-annak-kovetkezmenyei-termeszetes-szemelyek-szamara\/"},"author":{"name":"JUDr. Zuzana Tak\u00e1csov\u00e1","@id":"https:\/\/legilius.sk\/#\/schema\/person\/45b9a4df4bc6643942076f2253af1044"},"headline":"A slovensko.sk elektronikus postafi\u00f3k aktiv\u00e1l\u00e1sa \u00e9s annak k\u00f6vetkezm\u00e9nyei term\u00e9szetes szem\u00e9lyek sz\u00e1m\u00e1ra","datePublished":"2025-11-24T13:13:33+00:00","dateModified":"2025-11-25T13:45:00+00:00","mainEntityOfPage":{"@id":"https:\/\/legilius.sk\/hu\/a-slovensko-sk-elektronikus-postafiok-aktivalasa-es-annak-kovetkezmenyei-termeszetes-szemelyek-szamara\/"},"wordCount":974,"commentCount":0,"publisher":{"@id":"https:\/\/legilius.sk\/#organization"},"image":{"@id":"https:\/\/legilius.sk\/hu\/a-slovensko-sk-elektronikus-postafiok-aktivalasa-es-annak-kovetkezmenyei-termeszetes-szemelyek-szamara\/#primaryimage"},"thumbnailUrl":"https:\/\/legilius.sk\/wp-content\/uploads\/2025\/11\/image_2025-11-25_142744500.png","articleSection":["Uncategorized @hu"],"inLanguage":"hu","potentialAction":[{"@type":"CommentAction","name":"Comment","target":["https:\/\/legilius.sk\/hu\/a-slovensko-sk-elektronikus-postafiok-aktivalasa-es-annak-kovetkezmenyei-termeszetes-szemelyek-szamara\/#respond"]}]},{"@type":"WebPage","@id":"https:\/\/legilius.sk\/hu\/a-slovensko-sk-elektronikus-postafiok-aktivalasa-es-annak-kovetkezmenyei-termeszetes-szemelyek-szamara\/","url":"https:\/\/legilius.sk\/hu\/a-slovensko-sk-elektronikus-postafiok-aktivalasa-es-annak-kovetkezmenyei-termeszetes-szemelyek-szamara\/","name":"A slovensko.sk elektronikus postafi\u00f3k aktiv\u00e1l\u00e1sa \u00e9s k\u00f6vetkezm\u00e9nyei","isPartOf":{"@id":"https:\/\/legilius.sk\/#website"},"primaryImageOfPage":{"@id":"https:\/\/legilius.sk\/hu\/a-slovensko-sk-elektronikus-postafiok-aktivalasa-es-annak-kovetkezmenyei-termeszetes-szemelyek-szamara\/#primaryimage"},"image":{"@id":"https:\/\/legilius.sk\/hu\/a-slovensko-sk-elektronikus-postafiok-aktivalasa-es-annak-kovetkezmenyei-termeszetes-szemelyek-szamara\/#primaryimage"},"thumbnailUrl":"https:\/\/legilius.sk\/wp-content\/uploads\/2025\/11\/image_2025-11-25_142744500.png","datePublished":"2025-11-24T13:13:33+00:00","dateModified":"2025-11-25T13:45:00+00:00","description":"A k\u00f6zigazgat\u00e1s digitaliz\u00e1ci\u00f3ja megv\u00e1ltoztatta az \u00e1llampolg\u00e1rok \u00e9s a k\u00f6zhatalmi szervek k\u00f6z\u00f6tti kommunik\u00e1ci\u00f3t.","breadcrumb":{"@id":"https:\/\/legilius.sk\/hu\/a-slovensko-sk-elektronikus-postafiok-aktivalasa-es-annak-kovetkezmenyei-termeszetes-szemelyek-szamara\/#breadcrumb"},"inLanguage":"hu","potentialAction":[{"@type":"ReadAction","target":["https:\/\/legilius.sk\/hu\/a-slovensko-sk-elektronikus-postafiok-aktivalasa-es-annak-kovetkezmenyei-termeszetes-szemelyek-szamara\/"]}]},{"@type":"ImageObject","inLanguage":"hu","@id":"https:\/\/legilius.sk\/hu\/a-slovensko-sk-elektronikus-postafiok-aktivalasa-es-annak-kovetkezmenyei-termeszetes-szemelyek-szamara\/#primaryimage","url":"https:\/\/legilius.sk\/wp-content\/uploads\/2025\/11\/image_2025-11-25_142744500.png","contentUrl":"https:\/\/legilius.sk\/wp-content\/uploads\/2025\/11\/image_2025-11-25_142744500.png","width":726,"height":500},{"@type":"BreadcrumbList","@id":"https:\/\/legilius.sk\/hu\/a-slovensko-sk-elektronikus-postafiok-aktivalasa-es-annak-kovetkezmenyei-termeszetes-szemelyek-szamara\/#breadcrumb","itemListElement":[{"@type":"ListItem","position":1,"name":"Home","item":"https:\/\/legilius.sk\/hu\/"},{"@type":"ListItem","position":2,"name":"A slovensko.sk elektronikus postafi\u00f3k aktiv\u00e1l\u00e1sa \u00e9s annak k\u00f6vetkezm\u00e9nyei term\u00e9szetes szem\u00e9lyek sz\u00e1m\u00e1ra"}]},{"@type":"WebSite","@id":"https:\/\/legilius.sk\/#website","url":"https:\/\/legilius.sk\/","name":"JUDr. Zuzana Tak\u00e1csov\u00e1, Advok\u00e1tka","description":"","publisher":{"@id":"https:\/\/legilius.sk\/#organization"},"potentialAction":[{"@type":"SearchAction","target":{"@type":"EntryPoint","urlTemplate":"https:\/\/legilius.sk\/?s={search_term_string}"},"query-input":{"@type":"PropertyValueSpecification","valueRequired":true,"valueName":"search_term_string"}}],"inLanguage":"hu"},{"@type":"Organization","@id":"https:\/\/legilius.sk\/#organization","name":"LEGILIUS","url":"https:\/\/legilius.sk\/","logo":{"@type":"ImageObject","inLanguage":"hu","@id":"https:\/\/legilius.sk\/#\/schema\/logo\/image\/","url":"https:\/\/legilius.sk\/wp-content\/uploads\/2021\/12\/legilius-logo-final.png","contentUrl":"https:\/\/legilius.sk\/wp-content\/uploads\/2021\/12\/legilius-logo-final.png","width":250,"height":77,"caption":"LEGILIUS"},"image":{"@id":"https:\/\/legilius.sk\/#\/schema\/logo\/image\/"}},{"@type":"Person","@id":"https:\/\/legilius.sk\/#\/schema\/person\/45b9a4df4bc6643942076f2253af1044","name":"JUDr. Zuzana Tak\u00e1csov\u00e1","image":{"@type":"ImageObject","inLanguage":"hu","@id":"https:\/\/legilius.sk\/#\/schema\/person\/image\/","url":"https:\/\/secure.gravatar.com\/avatar\/c38efbd933dce54b6c2973bb608b197f752db76640842d28670a13b4fe31aa2e?s=96&d=mm&r=g","contentUrl":"https:\/\/secure.gravatar.com\/avatar\/c38efbd933dce54b6c2973bb608b197f752db76640842d28670a13b4fe31aa2e?s=96&d=mm&r=g","caption":"JUDr. Zuzana Tak\u00e1csov\u00e1"},"url":"https:\/\/legilius.sk\/hu\/author\/legilius\/"}]}},"_links":{"self":[{"href":"https:\/\/legilius.sk\/hu\/wp-json\/wp\/v2\/posts\/39279","targetHints":{"allow":["GET"]}}],"collection":[{"href":"https:\/\/legilius.sk\/hu\/wp-json\/wp\/v2\/posts"}],"about":[{"href":"https:\/\/legilius.sk\/hu\/wp-json\/wp\/v2\/types\/post"}],"author":[{"embeddable":true,"href":"https:\/\/legilius.sk\/hu\/wp-json\/wp\/v2\/users\/8"}],"replies":[{"embeddable":true,"href":"https:\/\/legilius.sk\/hu\/wp-json\/wp\/v2\/comments?post=39279"}],"version-history":[{"count":5,"href":"https:\/\/legilius.sk\/hu\/wp-json\/wp\/v2\/posts\/39279\/revisions"}],"predecessor-version":[{"id":39284,"href":"https:\/\/legilius.sk\/hu\/wp-json\/wp\/v2\/posts\/39279\/revisions\/39284"}],"wp:featuredmedia":[{"embeddable":true,"href":"https:\/\/legilius.sk\/hu\/wp-json\/wp\/v2\/media\/39285"}],"wp:attachment":[{"href":"https:\/\/legilius.sk\/hu\/wp-json\/wp\/v2\/media?parent=39279"}],"wp:term":[{"taxonomy":"category","embeddable":true,"href":"https:\/\/legilius.sk\/hu\/wp-json\/wp\/v2\/categories?post=39279"},{"taxonomy":"post_tag","embeddable":true,"href":"https:\/\/legilius.sk\/hu\/wp-json\/wp\/v2\/tags?post=39279"}],"curies":[{"name":"wp","href":"https:\/\/api.w.org\/{rel}","templated":true}]}}